{"id":6528,"date":"2012-06-21T13:14:02","date_gmt":"2012-06-21T12:14:02","guid":{"rendered":"http:\/\/aula21.net\/aulablog21\/?p=6528"},"modified":"2012-06-21T13:15:17","modified_gmt":"2012-06-21T12:15:17","slug":"grabaciones-de-las-experiencias-del-v-encuentro-de-pizarra-digital","status":"publish","type":"post","link":"http:\/\/aula21.net\/aulablog21\/archives\/2012\/06\/21\/grabaciones-de-las-experiencias-del-v-encuentro-de-pizarra-digital\/","title":{"rendered":"Grabaciones de las experiencias del \u2018V Encuentro de Pizarra digital\u2019"},"content":{"rendered":"<p>Ya est\u00e1n disponibles, en el <a href=\"http:\/\/cita.fundaciongsr.com\/tv\/\" target=\"_blank\">Canal CITA<\/a>, todas las grabaciones de las experiencias del \u2018V Encuentro de Pizarra digital\u2019 que se celebr\u00f3 en el <a href=\"http:\/\/www.fundaciongsr.es\/cita\" target=\"_blank\">Centro Internacional de Tecnolog\u00edas Avanzadas<\/a>, CITA, de la <a href=\"http:\/\/www.fundaciongsr.es\/\" target=\"_blank\">Fundaci\u00f3n Germ\u00e1n S\u00e1nchez Ruip\u00e9rez<\/a>, el 26 de mayo de 2011, y que fue trending topic en Espa\u00f1a y 6\u00ba en el mundo con el hashtag #citapdi.<\/p>\n<p>En posteriores fechas, podr\u00e9is ver las grabaciones de las \u201cConversaciones sobre PDI\u201d que protagonizaron Toni Solano y Juan Carlos Guerra, por un parte, y Ra\u00fal Diego y Pep Hern\u00e1ndez, por otra.<\/p>\n<p>Insertar\u00e9 la intervenci\u00f3n de<a href=\"http:\/\/www.rauldiego.es\/\" target=\"_blank\"> Ra\u00fal Diego<\/a> en el blog.<\/p>\n<p><iframe loading=\"lazy\" src=\"http:\/\/cita.fundaciongsr.com\/tv\/main.php?id=965\" frameborder=\"0\" scrolling=\"no\" width=\"520\" height=\"340\"><\/iframe><\/p>\n","protected":false},"excerpt":{"rendered":"<p>Ya est\u00e1n disponibles, en el Canal CITA, todas las grabaciones de las experiencias del \u2018V Encuentro de Pizarra digital\u2019 que se celebr\u00f3 en el Centro Internacional de Tecnolog\u00edas Avanzadas, CITA, de la Fundaci\u00f3n Germ\u00e1n S\u00e1nchez Ruip\u00e9rez, el 26 de mayo de 2011, y que fue trending topic en Espa\u00f1a y 6\u00ba en el mundo con [&hellip;]<\/p>\n","protected":false},"author":1,"featured_media":0,"comment_status":"open","ping_status":"open","sticky":false,"template":"","format":"standard","meta":{"footnotes":""},"categories":[25,38,20],"tags":[],"class_list":["post-6528","post","type-post","status-publish","format-standard","hentry","category-eventos","category-formacion","category-video"],"_links":{"self":[{"href":"http:\/\/aula21.net\/aulablog21\/wp-json\/wp\/v2\/posts\/6528","targetHints":{"allow":["GET"]}}],"collection":[{"href":"http:\/\/aula21.net\/aulablog21\/wp-json\/wp\/v2\/posts"}],"about":[{"href":"http:\/\/aula21.net\/aulablog21\/wp-json\/wp\/v2\/types\/post"}],"author":[{"embeddable":true,"href":"http:\/\/aula21.net\/aulablog21\/wp-json\/wp\/v2\/users\/1"}],"replies":[{"embeddable":true,"href":"http:\/\/aula21.net\/aulablog21\/wp-json\/wp\/v2\/comments?post=6528"}],"version-history":[{"count":0,"href":"http:\/\/aula21.net\/aulablog21\/wp-json\/wp\/v2\/posts\/6528\/revisions"}],"wp:attachment":[{"href":"http:\/\/aula21.net\/aulablog21\/wp-json\/wp\/v2\/media?parent=6528"}],"wp:term":[{"taxonomy":"category","embeddable":true,"href":"http:\/\/aula21.net\/aulablog21\/wp-json\/wp\/v2\/categories?post=6528"},{"taxonomy":"post_tag","embeddable":true,"href":"http:\/\/aula21.net\/aulablog21\/wp-json\/wp\/v2\/tags?post=6528"}],"curies":[{"name":"wp","href":"https:\/\/api.w.org\/{rel}","templated":true}]}}