{"id":6544,"date":"2012-08-13T17:38:29","date_gmt":"2012-08-13T16:38:29","guid":{"rendered":"http:\/\/aula21.net\/aulablog21\/?p=6544"},"modified":"2012-09-06T12:16:20","modified_gmt":"2012-09-06T11:16:20","slug":"estreno-de-la-pelicula-la-educacion-prohibida","status":"publish","type":"post","link":"http:\/\/aula21.net\/aulablog21\/archives\/2012\/08\/13\/estreno-de-la-pelicula-la-educacion-prohibida\/","title":{"rendered":"Estreno de la pel\u00edcula La Educaci\u00f3n prohibida."},"content":{"rendered":"<p><!--adsense--><\/p>\n<p style=\"text-align: justify;\">Hoy se ha estrenado a nivel mundial<a href=\"http:\/\/www.educacionprohibida.com\/\" target=\"_blank\"> &#8216;La educaci\u00f3n prohibida&#8217;,<\/a> un largometraje argentino independiente, que se autodefine \u00abdocumental y argumental\u00bb y parte de la preocupaci\u00f3n por el futuro de la Educaci\u00f3n de un grupo de estudiantes y licenciados en Comunicaci\u00f3n Audiovisual. La cinta toma como punto de partida la necesidad de flexibilizar el modo en que ha sido entendida la Educaci\u00f3n durante los \u00faltimos 200 a\u00f1os, dejando atr\u00e1s los planteamientos cl\u00e1sicos. Finalmente, dos a\u00f1os de trabajo realizando 90 entrevistas, casi medio centenar de experiencias educativas alternativas y miles de kil\u00f3metros a las espaldas con nueve pa\u00edses en la hoja de ruta (Argentina, Chile, Uruguay, Colombia, Ecuador, M\u00e9jico, Guatemala, Per\u00fa y Espa\u00f1a)&#8230; y otro a\u00f1o para montar todo el material surgido de una idea sin guion preconcebido, pero que ha conseguido, sin referirse expl\u00edcitamente a conflictos estudiantiles como los vividos en Chile, Reino Unido o Espa\u00f1a, destacar la crisis actual en que est\u00e1 sumida la Educaci\u00f3n.<br \/>\n<a href=\"http:\/\/www.educacionprohibida.com\/pelicula\/descargas\/\" target=\"_blank\">Podemos descargar la pe\u00edcula<\/a> y proyectarla con licencia copyleft en diversas calidades e idiomas..<br \/>\n<iframe loading=\"lazy\" src=\"http:\/\/www.youtube.com\/embed\/-1Y9OqSJKCc?rel=0\" frameborder=\"0\" width=\"460\" height=\"360\"><\/iframe><\/p>\n<p>\u00a0La Educaci\u00f3n Prohibida es una pel\u00edcula documental que se propone cuestionar las l\u00f3gicas de la escolarizaci\u00f3n moderna y la forma de entender la educaci\u00f3n, visibilizando <a href=\"http:\/\/www.educacionprohibida.com\/investigacion\/pedagogias-y-metodos\/\">experiencias educativas diferentes<\/a>, no convencionales que plantean la necesidad de un nuevo paradigma educativo.<\/p>\n<p>&nbsp;<\/p>\n","protected":false},"excerpt":{"rendered":"<p>Hoy se ha estrenado a nivel mundial &#8216;La educaci\u00f3n prohibida&#8217;, un largometraje argentino independiente, que se autodefine \u00abdocumental y argumental\u00bb y parte de la preocupaci\u00f3n por el futuro de la Educaci\u00f3n de un grupo de estudiantes y licenciados en Comunicaci\u00f3n Audiovisual. La cinta toma como punto de partida la necesidad de flexibilizar el modo en [&hellip;]<\/p>\n","protected":false},"author":1,"featured_media":0,"comment_status":"open","ping_status":"open","sticky":false,"template":"","format":"standard","meta":{"footnotes":""},"categories":[17,19,20],"tags":[],"class_list":["post-6544","post","type-post","status-publish","format-standard","hentry","category-articulos","category-educacion","category-video"],"_links":{"self":[{"href":"http:\/\/aula21.net\/aulablog21\/wp-json\/wp\/v2\/posts\/6544","targetHints":{"allow":["GET"]}}],"collection":[{"href":"http:\/\/aula21.net\/aulablog21\/wp-json\/wp\/v2\/posts"}],"about":[{"href":"http:\/\/aula21.net\/aulablog21\/wp-json\/wp\/v2\/types\/post"}],"author":[{"embeddable":true,"href":"http:\/\/aula21.net\/aulablog21\/wp-json\/wp\/v2\/users\/1"}],"replies":[{"embeddable":true,"href":"http:\/\/aula21.net\/aulablog21\/wp-json\/wp\/v2\/comments?post=6544"}],"version-history":[{"count":0,"href":"http:\/\/aula21.net\/aulablog21\/wp-json\/wp\/v2\/posts\/6544\/revisions"}],"wp:attachment":[{"href":"http:\/\/aula21.net\/aulablog21\/wp-json\/wp\/v2\/media?parent=6544"}],"wp:term":[{"taxonomy":"category","embeddable":true,"href":"http:\/\/aula21.net\/aulablog21\/wp-json\/wp\/v2\/categories?post=6544"},{"taxonomy":"post_tag","embeddable":true,"href":"http:\/\/aula21.net\/aulablog21\/wp-json\/wp\/v2\/tags?post=6544"}],"curies":[{"name":"wp","href":"https:\/\/api.w.org\/{rel}","templated":true}]}}