{"id":6569,"date":"2012-10-08T15:11:12","date_gmt":"2012-10-08T14:11:12","guid":{"rendered":"http:\/\/aula21.net\/aulablog21\/?p=6569"},"modified":"2012-11-11T18:26:39","modified_gmt":"2012-11-11T17:26:39","slug":"el-blogfesor-paco-publica-en-bp-2-0-septiembre-de-2012","status":"publish","type":"post","link":"http:\/\/aula21.net\/aulablog21\/archives\/2012\/10\/08\/el-blogfesor-paco-publica-en-bp-2-0-septiembre-de-2012\/","title":{"rendered":"El blogfesor Paco publica en BP 2.0 (septiembre de 2012)"},"content":{"rendered":"<p style=\"text-align: center;\"><!--adsense--><br \/>\n<a href=\"http:\/\/aula21.net\/aulablog21\/wp-content\/uploads\/2012\/10\/intronapo.png\"><img loading=\"lazy\" decoding=\"async\" class=\"alignleft  wp-image-6571\" style=\"margin-left: 19px; margin-right: 19px;\" title=\"intronapo\" src=\"http:\/\/aula21.net\/aulablog21\/wp-content\/uploads\/2012\/10\/intronapo.png\" alt=\"\" width=\"186\" height=\"170\" \/><\/a>Art\u00edculos que he publicado durante el mes de septiembre de 2012 en la<a href=\"http:\/\/recursostic.educacion.es\/buenaspracticas20\/web\/\" target=\"_blank\"> Red Buenas Pr\u00e1cTICas 2.0<\/a> del INTEF.<\/p>\n<p style=\"text-align: justify;\"><strong>&#8211;\u00a0<\/strong><a title=\"Acceder\" href=\"http:\/\/recursostic.educacion.es\/buenaspracticas20\/web\/es\/difundiendo-buenas-practicas\/898-materiales-didacticos-del-proyecto-napo-seguridad-y-la-salud-en-la-educacion\" target=\"_blank\">Materiales did\u00e1cticos del Proyecto Napo<\/a>: la seguridad y la salud en Primaria. <strong>Resumen:\u00a0<\/strong><a title=\"Acceder\" href=\"http:\/\/www.napofilm.net\/es?set_language=es\" target=\"_blank\">materiales educativos<\/a>\u00a0para profesores (totalmente gratuitos), con v\u00eddeos y actividades que ayuden a los ni\u00f1os de entre 7 y 11 a\u00f1os a entender y saber actuar ante cuestiones b\u00e1sicas de seguridad.<\/p>\n<p style=\"text-align: justify;\"><strong>&#8211;<\/strong>\u00a0<a href=\"http:\/\/recursostic.educacion.es\/buenaspracticas20\/web\/es\/difundiendo-buenas-practicas\/891-el-mar-a-fondo\">Proyecto El Mar a Fondo: propuestas did\u00e1cticas para el aula<\/a>. <strong>Resumen<\/strong>:\u00a0El<a title=\"Acceder\" href=\"http:\/\/www.icm.csic.es\/es\/content\/instituto-de-ciencias-del-mar\" target=\"_blank\">\u00a0CSIC-Instituto de Ciencias del Mar<\/a>\u00a0y la <a title=\"Acceder\" href=\"http:\/\/obrasocial.lacaixa.es\/\" target=\"_blank\">Fundaci\u00f3n La Caixa<\/a>, colaboran en el desarrollo de diversos proyectos para acercar la ciencia al \u00e1mbito educativo y fomentar la cultura cient\u00edfica de los ciudadanos.Uno de dichos proyectos es\u00a0<a title=\"Acceder\" href=\"http:\/\/www.elmarafondo.com\/\" target=\"_blank\">El Mar a Fondo\u00a0<\/a>que nos ofrece nuevos y atractivos recursos para docentes, est\u00e1 centrado en incorporar el conocimiento sobre los mares y oc\u00e9anos a Primaria y Secundaria.<\/p>\n<ul>\n<li style=\"text-align: justify;\"><a href=\"http:\/\/recursostic.educacion.es\/buenaspracticas20\/web\/es\/difundiendo-buenas-practicas\/879-construye-tu-mundo-programa-de-prevencion-de-conductas-de-riesgo\">Construye tu mundo: Programa de prevenci\u00f3n de conductas de riesgo<\/a>. Resumen:\u00a0De gran utilidad para docentes y padres es la plataforma de acceso gratuito que pone al alcance de la comunidad educativa el programa\u00a0<a title=\"Acceder\" href=\"http:\/\/www.construyetumundo.org\/\" target=\"_blank\">\u201cConstruye tu mundo\u201d<\/a>, cuyo objetivo es la prevenci\u00f3n del consumo de drogas y las conductas de riesgo en el \u00e1mbito escolar.<\/li>\n<li style=\"text-align: justify;\"><a href=\"http:\/\/recursostic.educacion.es\/buenaspracticas20\/web\/es\/practicas-innovadoras\/colaboracion-escolar\/proyectos-20\/842-suename-la-vida\">Su\u00e9\u00f1ame la vida<\/a>. <strong>Resumen<\/strong>:\u00a0es un proyecto llevado a cabo por<a title=\"Acceder\" href=\"http:\/\/jugarconlaliteratura.blogspot.com.es\/\" target=\"_blank\">J. Daniel Garc\u00eda<\/a>\u00a0y sus alumnos que nace de la colaboraci\u00f3n con\u00a0<a title=\"Acceder\" href=\"http:\/\/recursostic.educacion.es\/buenaspracticas20\/web\/es\/bachillerato\/111-repaso-de-lengua-con-el-profesor-antonio-solano\" target=\"_blank\">Toni Solano<\/a>\u00a0en<a title=\"Acceder\" href=\"http:\/\/recursostic.educacion.es\/buenaspracticas20\/web\/es\/educacion-secundaria-obligatoria\/826-el-quijote-sincopado\" target=\"_blank\">\u00a0<\/a><em><a title=\"Acceder\" href=\"http:\/\/recursostic.educacion.es\/buenaspracticas20\/web\/es\/educacion-secundaria-obligatoria\/826-el-quijote-sincopado\" target=\"_blank\">El Quijote Sincopado<\/a>.\u00a0<\/em>Es un ejemplo m\u00e1s de c\u00f3mo la metodolog\u00eda que se aplic\u00f3 al proyecto colaborativo se puede extrapolar a cualquier libro de estudio en el aula.<\/li>\n<\/ul>\n<p style=\"text-align: center;\">En Twitter<a href=\"https:\/\/twitter.com\/#!\/aulablog21\" target=\"_blank\"> tambi\u00e9n publico con frecuencia<\/a>.<\/p>\n<p style=\"text-align: center;\"><a href=\"https:\/\/twitter.com\/#!\/aulablog21\" target=\"_blank\"><img loading=\"lazy\" decoding=\"async\" class=\"aligncenter  wp-image-6203\" title=\"Captura de pantalla 2012-03-01 a la(s) 14.34.50\" src=\"http:\/\/aula21.net\/aulablog21\/wp-content\/uploads\/2012\/03\/Captura-de-pantalla-2012-03-01-a-las-14.34.50.png\" alt=\"\" width=\"454\" height=\"88\" srcset=\"http:\/\/aula21.net\/aulablog21\/wp-content\/uploads\/2012\/03\/Captura-de-pantalla-2012-03-01-a-las-14.34.50.png 843w, http:\/\/aula21.net\/aulablog21\/wp-content\/uploads\/2012\/03\/Captura-de-pantalla-2012-03-01-a-las-14.34.50-300x57.png 300w, http:\/\/aula21.net\/aulablog21\/wp-content\/uploads\/2012\/03\/Captura-de-pantalla-2012-03-01-a-las-14.34.50-768x147.png 768w\" sizes=\"auto, (max-width: 454px) 100vw, 454px\" \/><\/a><\/p>\n<p>&nbsp;<\/p>\n","protected":false},"excerpt":{"rendered":"<p>Art\u00edculos que he publicado durante el mes de septiembre de 2012 en la Red Buenas Pr\u00e1cTICas 2.0 del INTEF. &#8211;\u00a0Materiales did\u00e1cticos del Proyecto Napo: la seguridad y la salud en Primaria. Resumen:\u00a0materiales educativos\u00a0para profesores (totalmente gratuitos), con v\u00eddeos y actividades que ayuden a los ni\u00f1os de entre 7 y 11 a\u00f1os a entender y saber [&hellip;]<\/p>\n","protected":false},"author":1,"featured_media":0,"comment_status":"open","ping_status":"open","sticky":false,"template":"","format":"standard","meta":{"footnotes":""},"categories":[37,8,1,14],"tags":[],"class_list":["post-6569","post","type-post","status-publish","format-standard","hentry","category-colaboraciones","category-educacion_e_internet","category-miscelanea","category-recursos-variados"],"_links":{"self":[{"href":"http:\/\/aula21.net\/aulablog21\/wp-json\/wp\/v2\/posts\/6569","targetHints":{"allow":["GET"]}}],"collection":[{"href":"http:\/\/aula21.net\/aulablog21\/wp-json\/wp\/v2\/posts"}],"about":[{"href":"http:\/\/aula21.net\/aulablog21\/wp-json\/wp\/v2\/types\/post"}],"author":[{"embeddable":true,"href":"http:\/\/aula21.net\/aulablog21\/wp-json\/wp\/v2\/users\/1"}],"replies":[{"embeddable":true,"href":"http:\/\/aula21.net\/aulablog21\/wp-json\/wp\/v2\/comments?post=6569"}],"version-history":[{"count":0,"href":"http:\/\/aula21.net\/aulablog21\/wp-json\/wp\/v2\/posts\/6569\/revisions"}],"wp:attachment":[{"href":"http:\/\/aula21.net\/aulablog21\/wp-json\/wp\/v2\/media?parent=6569"}],"wp:term":[{"taxonomy":"category","embeddable":true,"href":"http:\/\/aula21.net\/aulablog21\/wp-json\/wp\/v2\/categories?post=6569"},{"taxonomy":"post_tag","embeddable":true,"href":"http:\/\/aula21.net\/aulablog21\/wp-json\/wp\/v2\/tags?post=6569"}],"curies":[{"name":"wp","href":"https:\/\/api.w.org\/{rel}","templated":true}]}}