{"id":6625,"date":"2012-11-25T11:28:59","date_gmt":"2012-11-25T10:28:59","guid":{"rendered":"http:\/\/aula21.net\/aulablog21\/?p=6625"},"modified":"2012-11-25T11:28:59","modified_gmt":"2012-11-25T10:28:59","slug":"recortar-en-educacion-e-investigacion-es-una-politica-miope-de-los-gobernantes","status":"publish","type":"post","link":"http:\/\/aula21.net\/aulablog21\/archives\/2012\/11\/25\/recortar-en-educacion-e-investigacion-es-una-politica-miope-de-los-gobernantes\/","title":{"rendered":"Recortar en educaci\u00f3n e investigaci\u00f3n es una pol\u00edtica miope de los gobernantes"},"content":{"rendered":"<p><a href=\"http:\/\/aula21.net\/aulablog21\/wp-content\/uploads\/2012\/11\/DSC9288b.jpg\"><img loading=\"lazy\" decoding=\"async\" class=\"alignleft size-medium wp-image-6627\" style=\"margin-left: 6px; margin-right: 6px;\" title=\"_DSC9288b\" src=\"http:\/\/aula21.net\/aulablog21\/wp-content\/uploads\/2012\/11\/DSC9288b-300x153.jpg\" alt=\"\" width=\"300\" height=\"153\" srcset=\"http:\/\/aula21.net\/aulablog21\/wp-content\/uploads\/2012\/11\/DSC9288b-300x153.jpg 300w, http:\/\/aula21.net\/aulablog21\/wp-content\/uploads\/2012\/11\/DSC9288b.jpg 540w\" sizes=\"auto, (max-width: 300px) 100vw, 300px\" \/><\/a>Arsenio recibi\u00f3 hace dos d\u00edas en Buenos Aires <a title=\"Acceder\" href=\"http:\/\/www.mincyt.gov.ar\/noticias\/noticias_detalles.php?id_noticia=1208\" target=\"_blank\">el Premio Luis Federico Leloir<\/a> a la Cooperaci\u00f3n Internacional en Ciencia, Tecnolog\u00eda e Innovaci\u00f3n, que le entreg\u00f3 el Ministro de Ciencia, Tecnolog\u00eda e Innovaci\u00f3n Productiva, Dr. Lino Bara\u00f1ao.<\/p>\n<p>Hoy aparece publicada una interesante entrevista en El Peri\u00f3dico Extremadura en la que habla de la situaci\u00f3n de la educaci\u00f3n en general y de la Universidad de Extremadura en particular.<br \/>\n<a href=\"http:\/\/www.elperiodicoextremadura.com\/noticias\/extremadura\/arsenio-munoz-de-pena-recortar-en-educacion-e-investigacion-es-una-politica-miope-de-los-gobernantes-_695583.html\"><strong>Arsenio Mu\u00f1oz de la Pe\u00f1a: \u00abRecortar en educaci\u00f3n e investigaci\u00f3n es una pol\u00edtica miope de los gobernantes\u00bb<\/strong><\/a> ( <a href=\"http:\/\/www.elperiodicoextremadura.com\">El Peri\u00f3dico Extremadura<\/a> &#8211; 25\/11\/2012 )<\/p>\n","protected":false},"excerpt":{"rendered":"<p>Arsenio recibi\u00f3 hace dos d\u00edas en Buenos Aires el Premio Luis Federico Leloir a la Cooperaci\u00f3n Internacional en Ciencia, Tecnolog\u00eda e Innovaci\u00f3n, que le entreg\u00f3 el Ministro de Ciencia, Tecnolog\u00eda e Innovaci\u00f3n Productiva, Dr. Lino Bara\u00f1ao. Hoy aparece publicada una interesante entrevista en El Peri\u00f3dico Extremadura en la que habla de la situaci\u00f3n de la [&hellip;]<\/p>\n","protected":false},"author":1,"featured_media":0,"comment_status":"open","ping_status":"open","sticky":false,"template":"","format":"standard","meta":{"footnotes":""},"categories":[17,19,7],"tags":[],"class_list":["post-6625","post","type-post","status-publish","format-standard","hentry","category-articulos","category-educacion","category-personal"],"_links":{"self":[{"href":"http:\/\/aula21.net\/aulablog21\/wp-json\/wp\/v2\/posts\/6625","targetHints":{"allow":["GET"]}}],"collection":[{"href":"http:\/\/aula21.net\/aulablog21\/wp-json\/wp\/v2\/posts"}],"about":[{"href":"http:\/\/aula21.net\/aulablog21\/wp-json\/wp\/v2\/types\/post"}],"author":[{"embeddable":true,"href":"http:\/\/aula21.net\/aulablog21\/wp-json\/wp\/v2\/users\/1"}],"replies":[{"embeddable":true,"href":"http:\/\/aula21.net\/aulablog21\/wp-json\/wp\/v2\/comments?post=6625"}],"version-history":[{"count":0,"href":"http:\/\/aula21.net\/aulablog21\/wp-json\/wp\/v2\/posts\/6625\/revisions"}],"wp:attachment":[{"href":"http:\/\/aula21.net\/aulablog21\/wp-json\/wp\/v2\/media?parent=6625"}],"wp:term":[{"taxonomy":"category","embeddable":true,"href":"http:\/\/aula21.net\/aulablog21\/wp-json\/wp\/v2\/categories?post=6625"},{"taxonomy":"post_tag","embeddable":true,"href":"http:\/\/aula21.net\/aulablog21\/wp-json\/wp\/v2\/tags?post=6625"}],"curies":[{"name":"wp","href":"https:\/\/api.w.org\/{rel}","templated":true}]}}