{"id":6648,"date":"2012-12-30T16:11:07","date_gmt":"2012-12-30T15:11:07","guid":{"rendered":"http:\/\/aula21.net\/aulablog21\/?p=6648"},"modified":"2013-03-06T21:53:39","modified_gmt":"2013-03-06T20:53:39","slug":"blogfesor-paco-publica-diciembre-de-2012","status":"publish","type":"post","link":"http:\/\/aula21.net\/aulablog21\/archives\/2012\/12\/30\/blogfesor-paco-publica-diciembre-de-2012\/","title":{"rendered":"Blogfesor Paco publica. Diciembre de 2012"},"content":{"rendered":"<p style=\"text-align: center;\"><!--adsense--><\/p>\n<p style=\"text-align: center;\"><a href=\"http:\/\/aula21.net\/aulablog21\/wp-content\/uploads\/2012\/10\/intronapo.png\"><img loading=\"lazy\" decoding=\"async\" class=\"alignleft  wp-image-6571\" style=\"margin-left: 19px; margin-right: 19px;\" title=\"intronapo\" src=\"http:\/\/aula21.net\/aulablog21\/wp-content\/uploads\/2012\/10\/intronapo.png\" alt=\"\" width=\"121\" height=\"110\" \/><\/a><strong>Art\u00edculos que he publicado recientemente en otros espacios web.<\/strong><\/p>\n<p style=\"text-align: center;\">En la <strong>Red Buenas Pr\u00e1cTICas 2.o<\/strong> del INTEF:<\/p>\n<ul>\n<li>Los alumnos de Econom\u00eda del Instituto Illa de Rodes, en Roses, publican colaborativamente presentaciones y v\u00eddeos sobre temas de la actualidad econ\u00f3mica y empresarial <a title=\"Acceder\" href=\"http:\/\/noticiesdeldia.blogspot.com.es\/\" target=\"_blank\">en un blog<\/a> bajo la direcci\u00f3n del<a title=\"Acceder\" href=\"http:\/\/about.me\/fnadal\" target=\"_blank\"> profesor Francesc Nadal<\/a>. <a title=\"Acceder\" href=\"http:\/\/recursostic.educacion.es\/buenaspracticas20\/web\/es\/bachillerato\/928-noticiesdeldia-economia\" target=\"_blank\">Leer art\u00edculo completo<\/a>.<\/li>\n<li><a href=\"http:\/\/recursostic.educacion.es\/buenaspracticas20\/web\/es\/educacion-secundaria-obligatoria\/998-blog-de-pilar-torres\">\u00c1mbito Ling\u00fc\u00edstico y Formaci\u00f3n del Profesorado. Blog de Pilar Torres <\/a>. Pilar Torres es profesora de ense\u00f1anza secundaria, especialidad Ingl\u00e9s, y desde hace siete a\u00f1os es asesora del Centro de Profesorado de C\u00f3rdoba, dentro del \u00c1mbito Ling\u00fc\u00edstico. <a title=\"Acceder\" href=\"http:\/\/alinguistico.blogspot.com\/\" target=\"_blank\">En su blog <\/a>recoge su actividad en el CEP y facilita numerosos recursos y materiales, de especial inter\u00e9s son los relacionados con: el fomento del pluriling\u00fcismo, la biblioteca escolar y las competencias b\u00e1sicas. <a title=\"\u00c1mbito Ling\u00fc\u00edstico y Formaci\u00f3n del Profesorado. Blog de Pilar Torres\" href=\"http:\/\/recursostic.educacion.es\/buenaspracticas20\/web\/es\/educacion-secundaria-obligatoria\/998-blog-de-pilar-torres\">Leer m\u00e1s&#8230;<\/a><\/li>\n<li><a title=\"Acceder\" href=\"http:\/\/recursostic.educacion.es\/buenaspracticas20\/web\/es\/educacion-secundaria-obligatoria\/977-las-ciencias-sociales-si-son-con-esquemas-entran-mejor\" target=\"_blank\">Las Ciencias Sociales si son con esquemas entran mejor<\/a>. Daniel G\u00f3mez Valle es profesor de Ciencias Sociales en el IES\u00a0 \u201c<a title=\"Acceder\" href=\"http:\/\/iesbdiegosanchez.juntaextremadura.net\/\" target=\"_blank\">Bachiller Diego S\u00e1nchez<\/a>\u201d de Talavera la Real (Badajoz). En este art\u00edculo nos presenta los cuatro blogs que administra para los diversos cursos y asignaturas que imparte. En ellos publican tanto \u00e9l como sus alumnos materiales y recursos. A destacar, los magn\u00edficos esquemas y presentaciones que Daniel elabora y comparte. Cada uno de los blogs tiene asociada una web creada en Google Sites. <a title=\"Acceder\" href=\"http:\/\/recursostic.educacion.es\/buenaspracticas20\/web\/es\/educacion-secundaria-obligatoria\/977-las-ciencias-sociales-si-son-con-esquemas-entran-mejor\" target=\"_blank\">Leer m\u00e1s&#8230;<\/a><\/li>\n<li><a href=\"http:\/\/recursostic.educacion.es\/buenaspracticas20\/web\/es\/difundiendo-buenas-practicas\/1026-ii-concurso-de-relatos-de-ficcion-y-ciencia-de-la-universidad-de-malaga\" target=\"_blank\">II Concurso de relatos de \u2018Ficci\u00f3n y Ciencia\u2019 de la Universidad de M\u00e1laga<\/a>.<\/li>\n<li><a href=\"http:\/\/recursostic.educacion.es\/buenaspracticas20\/web\/es\/difundiendo-buenas-practicas\/1025-clikmica-web-de-preguntas-y-respuestas-sobre-quimica-de-la-fundacion-descubre\">Clikmica: Web de preguntas y respuestas sobre qu\u00edmica de la Fundaci\u00f3n Descubre.<\/a><\/li>\n<\/ul>\n<p><img loading=\"lazy\" decoding=\"async\" style=\"margin-left: 14px; margin-right: 14px; float: left;\" src=\"http:\/\/aula21.net\/aulablog21\/wp-content\/uploads\/2012\/11\/Captura-de-pantalla-2012-11-11-a-las-12.19.39.png\" alt=\"\" width=\"121\" height=\"115\" \/> He publicado diversos art\u00edculos de inter\u00e9s<a title=\"Acceder\" href=\"http:\/\/rincones.educarex.es\/fyq\/\" target=\"_blank\"> en<\/a><a title=\"Acceder\" href=\"http:\/\/rincones.educarex.es\/fyq\/\" target=\"_blank\"> el Rinc\u00f3n de F\u00edsica y Qu\u00edmica<\/a><strong>, <\/strong>entre ellos:<\/p>\n<ul>\n<li><a title=\"Acceder\" href=\"http:\/\/rincones.educarex.es\/fyq\/index.php\/blog\/recursos-destacados\/item\/227-calendario-2013-de-investigadoras-en-f%C3%ADsica-nuclear\" target=\"_blank\">Precioso Calendario 2013 de investigadoras en F\u00edsica Nuclear<\/a> para descargar.<\/li>\n<li><a title=\"Acceder\" href=\"http:\/\/rincones.educarex.es\/fyq\/index.php\/blog\/recursos-destacados\/item\/153-blog-de-ejercicios-resueltos-de-bachillerato\" target=\"_blank\">Participa en Famelab, el certamen internacional de mon\u00f3logos cient\u00edficos<\/a>.<\/li>\n<li><a title=\"Acceder\" href=\"http:\/\/rincones.educarex.es\/fyq\/index.php\/blog\/recursos-destacados\/item\/153-blog-de-ejercicios-resueltos-de-bachillerato\" target=\"_blank\">Interacci\u00f3n gravitatoria. Actividades 2\u00ba de Bachillerato<\/a>. F\u00edsica&gt;Mec\u00e1nica.<\/li>\n<li><a title=\"Acceder\" href=\"http:\/\/rincones.educarex.es\/fyq\/index.php\/blog\/recursos-destacados\/item\/182-ciencia-para-nes\" target=\"_blank\">CIENCIA PARA NES<\/a> es el t\u00edtulo de un blog en el que una chica gallega publica los magn\u00edficos v\u00eddeotutoriales que su padre hizo para explicarle muchos temas de F\u00edsica y Qu\u00edmica.<\/li>\n<li><a title=\"Acceder\" href=\"http:\/\/rincones.educarex.es\/fyq\/index.php\/blog\/recursos-destacados\/item\/182-ciencia-para-nes\" target=\"_blank\">Simulaciones de electricidad y magnetismo en Wikisaber<\/a>.<\/li>\n<li><a href=\"http:\/\/rincones.educarex.es\/fyq\/index.php?option=com_content&amp;task=view&amp;id=1503&amp;Itemid=1\">Un a\u00f1o de Ciencia y Feliz Navidad<\/a><br \/>\n<a title=\"Acceder\" href=\"http:\/\/rincones.educarex.es\/fyq\/\" target=\"_blank\"><img loading=\"lazy\" decoding=\"async\" class=\"aligncenter\" style=\"border: 1px solid black;\" src=\"http:\/\/rincones.educarex.es\/fyq1\/images\/blog\/Recursos_destacados\/FELIZNAVIDAD2013.png\" alt=\"\" width=\"470\" height=\"335\" \/><\/a><\/li>\n<\/ul>\n<p><strong>En Educ@contic he publicado: <\/strong><\/p>\n<ul>\n<li><a title=\"Acceder\" href=\"http:\/\/www.educacontic.es\/blog\/creando-videocuestionarios-en-flevideo\" target=\"_blank\">Crea tu v\u00eddeocuestionario en FLEvideo a partir de un v\u00eddeo de YouTube<\/a>.<\/li>\n<\/ul>\n<p><strong>En \u00abEn Marcha con la TIC\u00bb:<\/strong><\/p>\n<ul>\n<li><a title=\"Acceder\" href=\"http:\/\/enmarchaconlastic.educarex.es\/2012\/12\/03\/tu-blog-de-aula-en-un-entorno-seguro-con-kidblog\/\" rel=\"nofollow\" target=\"_blank\">Tu blog de aula en un entorno seguro con Kidblog.\u00a0 <\/a>KidBlog es un servicio gratuito de creaci\u00f3n de blogs con unas caracter\u00edsticas espec\u00edficas que lo hacen especialmente indicado para mantener blogs educativos. Podemos crear un blog de aula, denominado<strong> Class (clase)<\/strong>, y <strong><\/strong>blogs individuales a cada uno de nuestros alumnos asociados al mismo.<strong><br \/>\n<\/strong><\/li>\n<\/ul>\n<p style=\"text-align: center;\">En Twitter<a href=\"https:\/\/twitter.com\/#%21\/aulablog21\" target=\"_blank\"> tambi\u00e9n publico con frecuencia<\/a>.<\/p>\n<p><a href=\"https:\/\/twitter.com\/#!\/aulablog21\" target=\"_blank\"><img loading=\"lazy\" decoding=\"async\" class=\"aligncenter\" src=\"http:\/\/aula21.net\/aulablog21\/wp-content\/uploads\/2012\/03\/Captura-de-pantalla-2012-03-01-a-las-14.34.50.png\" alt=\"\" width=\"461\" height=\"88\" \/><\/a><\/p>\n<p style=\"text-align: center;\"><!--adsense--><\/p>\n<p>\u00a0Por cierto creo que este mes mi blog cumple 8 a\u00f1os.<\/p>\n<p>&nbsp;<\/p>\n","protected":false},"excerpt":{"rendered":"<p>Art\u00edculos que he publicado recientemente en otros espacios web. En la Red Buenas Pr\u00e1cTICas 2.o del INTEF: Los alumnos de Econom\u00eda del Instituto Illa de Rodes, en Roses, publican colaborativamente presentaciones y v\u00eddeos sobre temas de la actualidad econ\u00f3mica y empresarial en un blog bajo la direcci\u00f3n del profesor Francesc Nadal. Leer art\u00edculo completo. \u00c1mbito [&hellip;]<\/p>\n","protected":false},"author":1,"featured_media":0,"comment_status":"open","ping_status":"open","sticky":false,"template":"","format":"standard","meta":{"footnotes":""},"categories":[17,37,19,8,29,18,28],"tags":[],"class_list":["post-6648","post","type-post","status-publish","format-standard","hentry","category-articulos","category-colaboraciones","category-educacion","category-educacion_e_internet","category-lecturas","category-tic","category-web20"],"_links":{"self":[{"href":"http:\/\/aula21.net\/aulablog21\/wp-json\/wp\/v2\/posts\/6648","targetHints":{"allow":["GET"]}}],"collection":[{"href":"http:\/\/aula21.net\/aulablog21\/wp-json\/wp\/v2\/posts"}],"about":[{"href":"http:\/\/aula21.net\/aulablog21\/wp-json\/wp\/v2\/types\/post"}],"author":[{"embeddable":true,"href":"http:\/\/aula21.net\/aulablog21\/wp-json\/wp\/v2\/users\/1"}],"replies":[{"embeddable":true,"href":"http:\/\/aula21.net\/aulablog21\/wp-json\/wp\/v2\/comments?post=6648"}],"version-history":[{"count":0,"href":"http:\/\/aula21.net\/aulablog21\/wp-json\/wp\/v2\/posts\/6648\/revisions"}],"wp:attachment":[{"href":"http:\/\/aula21.net\/aulablog21\/wp-json\/wp\/v2\/media?parent=6648"}],"wp:term":[{"taxonomy":"category","embeddable":true,"href":"http:\/\/aula21.net\/aulablog21\/wp-json\/wp\/v2\/categories?post=6648"},{"taxonomy":"post_tag","embeddable":true,"href":"http:\/\/aula21.net\/aulablog21\/wp-json\/wp\/v2\/tags?post=6648"}],"curies":[{"name":"wp","href":"https:\/\/api.w.org\/{rel}","templated":true}]}}