{"id":6674,"date":"2012-12-23T16:40:46","date_gmt":"2012-12-23T15:40:46","guid":{"rendered":"http:\/\/aula21.net\/aulablog21\/?p=6674"},"modified":"2012-12-23T16:43:59","modified_gmt":"2012-12-23T15:43:59","slug":"no-2-de-la-revista-aprender-para-educar-con-tecnologia","status":"publish","type":"post","link":"http:\/\/aula21.net\/aulablog21\/archives\/2012\/12\/23\/no-2-de-la-revista-aprender-para-educar-con-tecnologia\/","title":{"rendered":"N\u00ba 2 de la revista Aprender para educar con Tecnolog\u00eda"},"content":{"rendered":"<p>N\u00famero 2 de la revista digital sobre Educaci\u00f3n y Tecnolog\u00eda de<a title=\"Acceder\" href=\"http:\/\/e-ducadores.com\/aprenderparaeducar\/?p=33\" target=\"_blank\"> distribuci\u00f3n gratuita con suscripci\u00f3n<\/a>, para educadores y futuros docentes de habla hispana de todo el mundo.<\/p>\n<p style=\"text-align: center;\"><!--adsense--><\/p>\n<div><object style=\"width: 420px; height: 294px;\" width=\"320\" height=\"240\" classid=\"clsid:d27cdb6e-ae6d-11cf-96b8-444553540000\" codebase=\"http:\/\/download.macromedia.com\/pub\/shockwave\/cabs\/flash\/swflash.cab#version=6,0,40,0\"><param name=\"allowfullscreen\" value=\"true\" \/><param name=\"menu\" value=\"false\" \/><param name=\"wmode\" value=\"transparent\" \/><param name=\"src\" value=\"http:\/\/static.issuu.com\/webembed\/viewers\/style1\/v2\/IssuuReader.swf\" \/><param name=\"flashvars\" value=\"mode=mini&amp;backgroundColor=%23222222&amp;documentId=121219142549-74c77514b78f42afb23d4c4e0518672d\" \/><embed style=\"width: 420px; height: 294px;\" width=\"320\" height=\"240\" type=\"application\/x-shockwave-flash\" src=\"http:\/\/static.issuu.com\/webembed\/viewers\/style1\/v2\/IssuuReader.swf\" allowfullscreen=\"true\" menu=\"false\" wmode=\"transparent\" flashvars=\"mode=mini&amp;backgroundColor=%23222222&amp;documentId=121219142549-74c77514b78f42afb23d4c4e0518672d\" \/><\/object><\/p>\n<div style=\"width: 420px; text-align: left;\"><a href=\"http:\/\/issuu.com\/programaeducadores\/docs\/aprenderparaeducar2?mode=window&amp;backgroundColor=%23222222\" target=\"_blank\">Open publication<\/a> &#8211; Free <a href=\"http:\/\/issuu.com\" target=\"_blank\">publishing<\/a> &#8211; <a href=\"http:\/\/issuu.com\/search?q=aprender\" target=\"_blank\">More aprender<\/a><\/div>\n<\/div>\n","protected":false},"excerpt":{"rendered":"<p>N\u00famero 2 de la revista digital sobre Educaci\u00f3n y Tecnolog\u00eda de distribuci\u00f3n gratuita con suscripci\u00f3n, para educadores y futuros docentes de habla hispana de todo el mundo. Open publication &#8211; Free publishing &#8211; More aprender<\/p>\n","protected":false},"author":1,"featured_media":0,"comment_status":"open","ping_status":"open","sticky":false,"template":"","format":"standard","meta":{"footnotes":""},"categories":[29,28],"tags":[],"class_list":["post-6674","post","type-post","status-publish","format-standard","hentry","category-lecturas","category-web20"],"_links":{"self":[{"href":"http:\/\/aula21.net\/aulablog21\/wp-json\/wp\/v2\/posts\/6674","targetHints":{"allow":["GET"]}}],"collection":[{"href":"http:\/\/aula21.net\/aulablog21\/wp-json\/wp\/v2\/posts"}],"about":[{"href":"http:\/\/aula21.net\/aulablog21\/wp-json\/wp\/v2\/types\/post"}],"author":[{"embeddable":true,"href":"http:\/\/aula21.net\/aulablog21\/wp-json\/wp\/v2\/users\/1"}],"replies":[{"embeddable":true,"href":"http:\/\/aula21.net\/aulablog21\/wp-json\/wp\/v2\/comments?post=6674"}],"version-history":[{"count":0,"href":"http:\/\/aula21.net\/aulablog21\/wp-json\/wp\/v2\/posts\/6674\/revisions"}],"wp:attachment":[{"href":"http:\/\/aula21.net\/aulablog21\/wp-json\/wp\/v2\/media?parent=6674"}],"wp:term":[{"taxonomy":"category","embeddable":true,"href":"http:\/\/aula21.net\/aulablog21\/wp-json\/wp\/v2\/categories?post=6674"},{"taxonomy":"post_tag","embeddable":true,"href":"http:\/\/aula21.net\/aulablog21\/wp-json\/wp\/v2\/tags?post=6674"}],"curies":[{"name":"wp","href":"https:\/\/api.w.org\/{rel}","templated":true}]}}