{"id":6786,"date":"2013-04-01T10:25:56","date_gmt":"2013-04-01T09:25:56","guid":{"rendered":"http:\/\/aula21.net\/aulablog21\/?p=6786"},"modified":"2013-04-01T10:32:26","modified_gmt":"2013-04-01T09:32:26","slug":"aula21-en-el-numero-3-de-la-revista-educacion-y-tecnologia","status":"publish","type":"post","link":"http:\/\/aula21.net\/aulablog21\/archives\/2013\/04\/01\/aula21-en-el-numero-3-de-la-revista-educacion-y-tecnologia\/","title":{"rendered":"Aula21 en el n\u00famero 3 de la revista Aprender con Tecnolog\u00eda"},"content":{"rendered":"<p>Tengo el placer de haber publicado un art\u00edculo en el <a title=\"Acceder\" href=\"http:\/\/e-ducadores.com\/aprenderparaeducar\/?p=46\" target=\"_blank\">N\u00famero 3 de la revista sobre Educaci\u00f3n y Tecnolog\u00eda <\/a>de distribuci\u00f3n gratuita <em><strong>Aprender con Tecnolog\u00eda.<\/strong><\/em> Lo he titulado <em>Trayectoria de Aula21: de una ilusi\u00f3n 1.0 a una ilusi\u00f3n 2.0<\/em> pues creo que refleja el espiritu que siempre me ha acompa\u00f1ado en estos 13 a\u00f1os de presencia en la red.<br \/>\nHago un recorrido desde mis comienzos all\u00e1 por el a\u00f1o 2000 hasta el presente y alguna reflexiones acerca del uso de la Tecnolog\u00eda Digital en el aula.<br \/>\nRecomiendo a educadores y futuros docentes de habla hispana de todo el mundo que <a title=\"Acceder\" href=\"http:\/\/e-ducadores.com\/aprenderparaeducar\/?form=formulario-de-suscripcion\" target=\"_blank\">se suscriban a\u00a0<em><strong>Aprender con Tecnolog\u00eda <\/strong><\/em><\/a>y la recibir\u00e1n gratuitamente en su correo.<\/p>\n<p>Agradezo a Cristina Vel\u00e1zquez la oportunidad que me ha brindado de poder colaborar en esta magn\u00edfica publicaci\u00f3n que se estrena con una versi\u00f3n en papel.<\/p>\n<p>&nbsp;<\/p>\n<div style=\"text-align: center; width: 300px; margin: 12px auto;\">\n<div style=\"margin: 4px 0px;\"><a href=\"http:\/\/calameo.com\/books\/00194801936a900ddf8a8\">View this publication on Calam\u00e9o<\/a><\/div>\n<p><iframe loading=\"lazy\" style=\"width: 300px; height: 194px;\" src=\"http:\/\/v.calameo.com\/?bkcode=00194801936a900ddf8a8&amp;language=en&amp;page=1&amp;showsharemenu=true\" frameborder=\"0\" width=\"300\" height=\"194\"><\/iframe><\/p>\n<div style=\"margin: 4px 0px; font-size: 90%;\"><a href=\"http:\/\/calameo.com\/upload\" rel=\"nofollow\">Publish<\/a> at <a href=\"http:\/\/calameo.com\">Calam\u00e9o<\/a> or <a href=\"http:\/\/calameo.com\/browse\/weekly\/?o=7&amp;w=DESC\">browse<\/a> the library.<\/div>\n<\/div>\n<p>Es una publicaci\u00f3n del <em><strong>Instituto Nacional Superior del Profesorado T\u00e9cnico <\/strong>de la <strong>Universidad Tecnol\u00f3gica Nacional<\/strong><\/em>, de la Ciudad Aut\u00f3noma de Buenos Aires.<br \/>\nEn Issue tenemos <a href=\"http:\/\/issuu.com\/programaeducadores\" title=\"Acceder\" target=\"_blank\">acceso a los n\u00fameros anteriores<\/a>.<\/p>\n<p style=\"text-align: center;\"><!--adsense--><\/p>\n","protected":false},"excerpt":{"rendered":"<p>Tengo el placer de haber publicado un art\u00edculo en el N\u00famero 3 de la revista sobre Educaci\u00f3n y Tecnolog\u00eda de distribuci\u00f3n gratuita Aprender con Tecnolog\u00eda. Lo he titulado Trayectoria de Aula21: de una ilusi\u00f3n 1.0 a una ilusi\u00f3n 2.0 pues creo que refleja el espiritu que siempre me ha acompa\u00f1ado en estos 13 a\u00f1os de [&hellip;]<\/p>\n","protected":false},"author":1,"featured_media":0,"comment_status":"open","ping_status":"open","sticky":false,"template":"","format":"standard","meta":{"footnotes":""},"categories":[17,37,19,8,29,7,18],"tags":[],"class_list":["post-6786","post","type-post","status-publish","format-standard","hentry","category-articulos","category-colaboraciones","category-educacion","category-educacion_e_internet","category-lecturas","category-personal","category-tic"],"_links":{"self":[{"href":"http:\/\/aula21.net\/aulablog21\/wp-json\/wp\/v2\/posts\/6786","targetHints":{"allow":["GET"]}}],"collection":[{"href":"http:\/\/aula21.net\/aulablog21\/wp-json\/wp\/v2\/posts"}],"about":[{"href":"http:\/\/aula21.net\/aulablog21\/wp-json\/wp\/v2\/types\/post"}],"author":[{"embeddable":true,"href":"http:\/\/aula21.net\/aulablog21\/wp-json\/wp\/v2\/users\/1"}],"replies":[{"embeddable":true,"href":"http:\/\/aula21.net\/aulablog21\/wp-json\/wp\/v2\/comments?post=6786"}],"version-history":[{"count":0,"href":"http:\/\/aula21.net\/aulablog21\/wp-json\/wp\/v2\/posts\/6786\/revisions"}],"wp:attachment":[{"href":"http:\/\/aula21.net\/aulablog21\/wp-json\/wp\/v2\/media?parent=6786"}],"wp:term":[{"taxonomy":"category","embeddable":true,"href":"http:\/\/aula21.net\/aulablog21\/wp-json\/wp\/v2\/categories?post=6786"},{"taxonomy":"post_tag","embeddable":true,"href":"http:\/\/aula21.net\/aulablog21\/wp-json\/wp\/v2\/tags?post=6786"}],"curies":[{"name":"wp","href":"https:\/\/api.w.org\/{rel}","templated":true}]}}