{"id":6835,"date":"2013-04-29T16:22:36","date_gmt":"2013-04-29T15:22:36","guid":{"rendered":"http:\/\/aula21.net\/aulablog21\/?p=6835"},"modified":"2013-04-29T16:25:55","modified_gmt":"2013-04-29T15:25:55","slug":"finalistas-de-la-vii-edicion-del-premio-edublogs","status":"publish","type":"post","link":"http:\/\/aula21.net\/aulablog21\/archives\/2013\/04\/29\/finalistas-de-la-vii-edicion-del-premio-edublogs\/","title":{"rendered":"Finalistas de la VII Edici\u00f3n del Premio Edublogs"},"content":{"rendered":"<p style=\"text-align: center;\"><!--adsense--><\/p>\n<div>\n<div><strong><a href=\"http:\/\/aula21.net\/aulablog21\/wp-content\/uploads\/2013\/04\/edublogsimages.jpg\"><img loading=\"lazy\" decoding=\"async\" class=\"alignleft  wp-image-6836\" style=\"margin: 4px 8px;\" title=\"edublogsimages\" src=\"http:\/\/aula21.net\/aulablog21\/wp-content\/uploads\/2013\/04\/edublogsimages.jpg\" alt=\"\" width=\"159\" height=\"159\" srcset=\"http:\/\/aula21.net\/aulablog21\/wp-content\/uploads\/2013\/04\/edublogsimages.jpg 225w, http:\/\/aula21.net\/aulablog21\/wp-content\/uploads\/2013\/04\/edublogsimages-150x150.jpg 150w\" sizes=\"auto, (max-width: 159px) 100vw, 159px\" \/><\/a><\/strong><\/div>\n<div><strong>Finalistas de la VII Edici\u00f3n del Premio Edublogs<\/strong>. Publicaci\u00f3n de <strong><a title=\"Acceder\" href=\"http:\/\/espiraledublogs.org\/2013\/\" target=\"_blank\">resultados finales <\/a>el 11 de mayo de 2013<\/strong>.<\/div>\n<div><\/div>\n<div><strong>BLOGS DE MAESTROS Y MAESTRAS, PROFESORES Y PROFESORAS<\/strong><\/div>\n<\/div>\n<div>\n<div><a href=\"http:\/\/losmayoresdelpedrooros.blogspot.com.es\/\">\u00c1ngeles y demonios de 5\u00ba<\/a><\/div>\n<\/div>\n<div>\n<div><a href=\"http:\/\/silviavelilla.blogspot.com.es\/\">As\u00ed lo contamos\u2026 desde Velilla<\/a><\/div>\n<\/div>\n<div>\n<div><a href=\"http:\/\/jlesolengua.blogspot.com.es\/\">Aula de Lengua y Literatura<\/a><\/div>\n<\/div>\n<div>\n<div><a href=\"http:\/\/aulatic-terradeferrol.blogspot.com\/\">AulaTic Terra de Ferrol\u00a0<\/a><\/div>\n<\/div>\n<div>\n<div><a href=\"http:\/\/irati.pnte.cfnavarra.es\/multiblog\/jmoranch\/\">Blogotero<\/a><\/div>\n<\/div>\n<div>\n<div><a href=\"http:\/\/fecla.wordpress.com\/\">Clases de lengua<\/a><\/div>\n<\/div>\n<div>\n<div><a href=\"http:\/\/conlapizyteclas.blogspot.com.es\/\">Con l\u00e1piz y teclas<\/a><\/div>\n<\/div>\n<div>\n<div><a href=\"http:\/\/alumnosprimaria.blogspot.com.es\/\">Creaci\u00f3n literaria y m\u00e1s\u2026 en 5\u00ba y 6\u00ba de Primaria<\/a><\/div>\n<\/div>\n<div>\n<div><a href=\"http:\/\/www.sanjosedecalasanz5b.blogspot.com\/\">El blog de nuestra clase<\/a><\/div>\n<\/div>\n<div>\n<div><a href=\"http:\/\/blogdequintopradera.blogspot.com.es\/\">El Blog de Quinto Pradera\u00a0<\/a><\/div>\n<\/div>\n<div>\n<div><a href=\"http:\/\/blogdesextopradera.blogspot.com.es\/\">El Blog de Sexto Pradera<\/a><\/div>\n<\/div>\n<div>\n<div><a href=\"http:\/\/elenigmadelasletras1.blogspot.com.es\/\">El enigma de las letras<\/a><\/div>\n<\/div>\n<div>\n<div><a href=\"http:\/\/enpiedelengua1.blogspot.com.es\/\">En pie de Lengua 1<\/a><\/div>\n<\/div>\n<div>\n<div><a href=\"http:\/\/plasticantalvoramar.blogspot.com.es\/\">Estem Plasticant<\/a><\/div>\n<\/div>\n<div>\n<div><a href=\"http:\/\/lazos2011.blogspot.com.es\/\">Lazos<\/a><\/div>\n<\/div>\n<div>\n<div><a href=\"http:\/\/miscienciassociales2eso.blogspot.com.es\/\">miscienciassociales2eso<\/a><\/div>\n<\/div>\n<div>\n<div><a href=\"http:\/\/thisisourenglishcorner.wordpress.com\/\">Our English Corner\u2019s Blog<\/a><\/div>\n<\/div>\n<div>\n<div><a href=\"http:\/\/plassticando.blogspot.com.es\/\">Pl\u00e1sticamente<\/a><\/div>\n<\/div>\n<div>\n<div><a href=\"http:\/\/plastinglish.blogspot.com.es\/\">Plastinglish<\/a><\/div>\n<\/div>\n<div>\n<div><a href=\"http:\/\/recursosgeograficos.com\/\">Recursos Geogr\u00e1ficos<\/a><\/div>\n<\/div>\n<div>\n<div><a href=\"http:\/\/tecnobloc.wordpress.com\/\">TecnoBlog<\/a><\/div>\n<\/div>\n<div><\/div>\n<div>\n<div><strong>BLOGS DE MAESTROS Y MAESTRAS DE INFANTIL\u00a0<\/strong><\/div>\n<\/div>\n<div>\n<div><a href=\"http:\/\/aulacaracolluiscernuda.blogspot.com.es\/\">Aula Caracol Luis Cernuda<\/a><\/div>\n<\/div>\n<div>\n<div><a href=\"http:\/\/elblogdelaprofemarta.blogspot.com.es\/\">El Blog de la profe Marta<\/a><\/div>\n<\/div>\n<div>\n<div><a href=\"http:\/\/elracodelinfant.blogspot.com\/\">El Rac\u00f3 de l\u2019Infant<\/a><\/div>\n<\/div>\n<div>\n<div><a href=\"http:\/\/elrinconcitodeinfantil67.blogspot.com.es\/\">El Rinconcito de Infantil<\/a><\/div>\n<\/div>\n<div>\n<div><a href=\"http:\/\/infantilsantaanacaspe.blogspot.com.es\/\">Infantil con Gema. Colegio Santa Ana Caspe<\/a>.<\/div>\n<\/div>\n<div>\n<div><a href=\"http:\/\/laclasedemiren.blogspot.com.es\/\">La clase de Miren<\/a><\/div>\n<\/div>\n<div><a href=\"http:\/\/blogaulaelefantes.blogspot.com.es\/\">Los peques de Sara<\/a><\/div>\n<div><!--more--><\/div>\n<div>\n<div><a href=\"http:\/\/ninoinfantil.wordpress.com\/\">Ninoinfantil<\/a><\/div>\n<\/div>\n<div>\n<div><a href=\"http:\/\/ospicarosdevane.blogspot.com.es\/\">Os P\u00edcaros de Vane<\/a><\/div>\n<\/div>\n<div>\n<div><a href=\"http:\/\/p3gregorimayans2012.blogspot.com.es\/\">p3gregorimayans2012<\/a><\/div>\n<\/div>\n<div>\n<div><a href=\"http:\/\/sonandosonrisas.blogspot.com\/\">So\u00f1ando sonrisas\u2026<\/a><\/div>\n<\/div>\n<div><\/div>\n<div>\n<div><strong>BLOGS DE REFLEXI\u00d3N EDUCATIVA\u00a0\u00a0<\/strong><\/div>\n<\/div>\n<div>\n<div><a href=\"http:\/\/carbonilla.net\/\">Carbonilla<\/a><\/div>\n<\/div>\n<div>\n<div><a href=\"http:\/\/e-aprendizaje.es\/\">[e-aprendizaje]<\/a><\/div>\n<\/div>\n<div>\n<div><a href=\"http:\/\/educarcomoalternativa.blogspot.com.es\/\">Educar como alternativa<\/a><\/div>\n<\/div>\n<div>\n<div><a href=\"http:\/\/jacobocalvo.blogspot.com.es\/\">El blog de Jacobo Calvo<\/a><\/div>\n<\/div>\n<div>\n<div><a href=\"http:\/\/www.magarciaguerra.com\/\">El blog de Miguel \u00c1ngel Garc\u00eda Guerra<\/a><\/div>\n<\/div>\n<div>\n<div><a href=\"http:\/\/elblogdelsrruiz.blogspot.com.es\/\">El Blog del Sr. Ruiz<\/a><\/div>\n<\/div>\n<div>\n<div><a href=\"http:\/\/paleeldaclil.blogspot.com.es\/\">English Elda<\/a><\/div>\n<\/div>\n<div>\n<div><a href=\"http:\/\/inedu.blogspot.com\/\">Iniciatives Educatives InEdu<\/a><\/div>\n<\/div>\n<div>\n<div><a href=\"http:\/\/laparaulavola.blogspot.com.es\/\">La Paraula Vola<\/a><\/div>\n<\/div>\n<div>\n<div><a href=\"http:\/\/irati.pnte.cfnavarra.es\/multiblog\/rfernan2\/\">Lenguaraz<\/a><\/div>\n<\/div>\n<div>\n<div><a href=\"http:\/\/matematicas11235813.luismiglesias.es\/\">Matem\u00e1TICas: 1,1,2,3,5,8,13,\u2026<\/a><\/div>\n<\/div>\n<div>\n<div><a href=\"http:\/\/plintercentros.wordpress.com\/\">Plan Ling\u00fc\u00edstico Intercentros<\/a><\/div>\n<\/div>\n<div>\n<div><a href=\"http:\/\/queduquequeducuando.blogspot.com.es\/\">\u00bfQu\u00c9duQu\u00c9-Qu\u00c9duCu\u00e1ndo?<\/a><\/div>\n<\/div>\n<div><\/div>\n<div>\n<div><strong>BLOGS DE RECURSOS EDUCATIVOS\u00a0\u00a0\u00a0<\/strong><\/div>\n<\/div>\n<div>\n<div><a href=\"http:\/\/ticparati.blogspot.com.es\/\">APRENDOTIC. Blog de aula de Tic<\/a><\/div>\n<\/div>\n<div>\n<div><a href=\"http:\/\/espiraledublogs.org\/2013\/Aula%20PT,%20Blog%20de%20recursos%20para%20la%20elaboraci%25C3%25B3n%20de%20adaptaciones%20curriculares\">Aula PT, Blog de recursos para la elaboraci\u00f3n de adaptaciones curriculares<\/a><\/div>\n<\/div>\n<div>\n<div><a href=\"http:\/\/moodle.donostiaeskola.org\/doremi\/?lang=es\">Doremi Musika Bizi!!!<\/a><\/div>\n<\/div>\n<div>\n<div><a href=\"http:\/\/educacioilestic.blogspot.com\/\">Educaci\u00f3 i les TIC<\/a><\/div>\n<\/div>\n<div>\n<div><a href=\"http:\/\/empresamq.wordpress.com\/\">Empresa i M\u00e0rqueting<\/a><\/div>\n<\/div>\n<div>\n<div><a href=\"http:\/\/www.filonexos.blogspot.com.es\/\">Filonexos<\/a><\/div>\n<\/div>\n<div>\n<div><a href=\"http:\/\/galitic-butlleti.blogspot.com.es\/\">Galitic<\/a><\/div>\n<\/div>\n<div>\n<div><a href=\"http:\/\/laeduteca.blogspot.com.es\/\">La eduteca<\/a><\/div>\n<\/div>\n<div>\n<div><a href=\"http:\/\/lamiradaespecial.blogspot.com\/\">La mirada especial\u00a0\u00a0<\/a><\/div>\n<\/div>\n<div>\n<div><a href=\"http:\/\/historiasprezipitadas.blogspot.com.es\/\">Lecturas PREZIpitadas para chicos impacientes<\/a><\/div>\n<\/div>\n<div>\n<div><a href=\"http:\/\/moedasparacaronte.blogspot.com.es\/\">Moedas para Caronte<\/a><\/div>\n<\/div>\n<div>\n<div><a href=\"http:\/\/ptyalcantabria.wordpress.com\/\">PTYAL<\/a><\/div>\n<\/div>\n<div>\n<div><a href=\"http:\/\/plasticavisual.blogspot.com\/\">Yoexpongo<\/a><\/div>\n<\/div>\n<div><\/div>\n<div>\n<div><strong>BLOGS COLECTIVOS DE MAESTROS Y MAESTRAS, PROFESORES Y PROFESORAS<\/strong><\/div>\n<\/div>\n<div>\n<div><a href=\"http:\/\/artecuento-2.blogspot.com.ar\/\">Artecuento 2<\/a><\/div>\n<\/div>\n<div>\n<div><a href=\"http:\/\/cantilles.blogspot.com.es\/\">CanTilles<\/a><\/div>\n<\/div>\n<div>\n<div><a href=\"http:\/\/ciber-genetica.blogspot.mx\/\">Ciber-Gen\u00e9tica<\/a><\/div>\n<\/div>\n<div>\n<div><a href=\"http:\/\/hojatreintaycuatro.blogspot.com.es\/\">Hoja 34<\/a><\/div>\n<\/div>\n<div>\n<div><a href=\"http:\/\/pruebadibujo.wordpress.com\/\">La Despensa de Leonardo<\/a><\/div>\n<\/div>\n<div>\n<div><a href=\"http:\/\/lapeonzaviajera.blogspot.com.es\/\">La peonza viajera<\/a><\/div>\n<\/div>\n<div>\n<div><a href=\"http:\/\/leermasescribir.blogspot.com\/\">Leer + escribir<\/a><\/div>\n<\/div>\n<div>\n<div><a href=\"http:\/\/textosocialinf.blogspot.com.es\/\">Los textos de uso social<\/a><\/div>\n<\/div>\n<div>\n<div><a href=\"http:\/\/solcapin.blogspot.com\/\">Solcapin<\/a><\/div>\n<\/div>\n<div><\/div>\n<div>\n<div><strong>BLOGS DE CENTROS EDUCATIVOS\u00a0\u00a0\u00a0<\/strong><\/div>\n<\/div>\n<div>\n<div><a href=\"http:\/\/cienciescolonia.blogspot.com.es\/\">7ci\u00e8ncies<\/a><\/div>\n<\/div>\n<div>\n<div><a href=\"http:\/\/centros.educacion.navarra.es\/ieszizurbhi\/blogs\/frances\/\">ALL\u00d4!<\/a><\/div>\n<\/div>\n<div>\n<div><a href=\"http:\/\/inglesventurarodriguez.blogspot.com.es\/\">Blog del Departamento de Ingl\u00e9s, IES Arquitecto Ventura Rodr\u00edguez<\/a><\/div>\n<\/div>\n<div>\n<div><a href=\"http:\/\/cnxarc.blogspot.com.es\/\">CNXARC<\/a><\/div>\n<\/div>\n<div>\n<div><a href=\"http:\/\/blocs.xtec.cat\/escolajacintverdaguer\/\">Escola Jacint Verdaguer La Granada<\/a><\/div>\n<\/div>\n<div>\n<div><a href=\"http:\/\/primaryenglishai.blogspot.com.es\/\">Primary English<\/a><\/div>\n<\/div>\n<div>\n<div><a href=\"http:\/\/blog.educastur.es\/cpbaudilioarce\/\">S\u00e1mara<\/a><\/div>\n<\/div>\n<div><\/div>\n<div>\n<div><strong>BLOGS DE BIBLIOTECAS ESCOLARES\u00a0\u00a0<\/strong><\/div>\n<\/div>\n<div>\n<div><a href=\"http:\/\/aquintadoslibros.blogspot.com.es\/\">A Quinta dos libros<\/a><\/div>\n<\/div>\n<div>\n<div><a href=\"http:\/\/bibliomanies.blogspot.com.es\/\">Bibliomanies<\/a><\/div>\n<\/div>\n<div>\n<div><a href=\"http:\/\/bibliotecadonalvaro.blogspot.com.es\/\">bibliotecadonalvaro<\/a><\/div>\n<\/div>\n<div>\n<div><a href=\"http:\/\/bloguesquio.blogspot.com.es\/\">Bloguesquio<\/a><\/div>\n<\/div>\n<div>\n<div><a href=\"http:\/\/bibliotecadiario.blogspot.com.es\/\">Diario de la biblioteca<\/a><\/div>\n<\/div>\n<div>\n<div><a href=\"http:\/\/bibliotecadanielmangrane.blogspot.com.es\/\">El Blog de la Biblio<\/a><\/div>\n<\/div>\n<div><\/div>\n<div>\n<div><strong>BLOGS DE ASOCIACIONES DE FAMILIAS<\/strong><\/div>\n<\/div>\n<div>\n<div><a href=\"http:\/\/ampafgs.wordpress.com\/\">AMPA CEIP Federico Garcia Sanchiz<\/a><\/div>\n<\/div>\n<div>\n<div><a href=\"http:\/\/www.ampaguillemdentenca.blogspot.com.es\/\">AMPA CEIP Guillem d\u2019Enten\u00e7a<\/a><\/div>\n<\/div>\n<div>\n<div><a href=\"http:\/\/ampavinyet.blogspot.com.es\/\">AMPA Escola el Vinyet<\/a><\/div>\n<\/div>\n<div>\n<div><a href=\"http:\/\/www.pinediques.com\/\">AMPA Pinediques De Taradell<\/a><\/div>\n<\/div>\n<div>\n<div><a href=\"http:\/\/afaproven.wordpress.com\/\">Bloc AFA Escola Proven\u00e7als: \u201cEts de l\u2019AFA\u201d<\/a><\/div>\n<\/div>\n<div><\/div>\n<div>\n<div><strong>BLOGS DE ALUMNOS DE PRIMARIA<\/strong><\/div>\n<\/div>\n<div>\n<div><a href=\"http:\/\/msantosbenya.blogspot.com.es\/\">3\u00ba B Primaria M\u00aa Santos<\/a><\/div>\n<\/div>\n<div>\n<div><a href=\"http:\/\/alqueriatercerciclo.wordpress.com\/\">Blog de alumn@s del tercer ciclo de primaria<\/a><\/div>\n<\/div>\n<div>\n<div><a href=\"http:\/\/elbuhoanacleto.blogspot.com.es\/\">El b\u00faho Anacleto<\/a><\/div>\n<\/div>\n<div>\n<div><a href=\"http:\/\/estofurrula.blogspot.com.es\/\">estofurrula<\/a><\/div>\n<\/div>\n<div>\n<div><a href=\"http:\/\/guacamolerevistaescolar.blogspot.com.es\/\">Guacamole amb cre\u00eflles<\/a><\/div>\n<\/div>\n<div>\n<div><a href=\"http:\/\/llenguatics.blogspot.com.es\/\">Llenguatics. L\u2019aula TIC de llengua i literatura catalana<\/a><\/div>\n<\/div>\n<div>\n<div><a href=\"http:\/\/diablillosdemovera.blogspot.com.es\/\">Los Diablillos de 5\u00ba<\/a><\/div>\n<\/div>\n<div>\n<div><a href=\"http:\/\/practicole.blogspot.com.es\/\">PractiCole<\/a><\/div>\n<\/div>\n<div>\n<div><a href=\"http:\/\/acticvos.blogspot.com.es\/\">Somos AcTICvos<\/a><\/div>\n<\/div>\n<div>\n<div><a href=\"http:\/\/ticotazos.blogspot.com.es\/\">Ticotazos. Blog de aula<\/a><\/div>\n<\/div>\n<div><\/div>\n<div>\n<div><strong>BLOGS DE ALUMNOS DE ESO<\/strong><\/div>\n<\/div>\n<div>\n<div><a href=\"http:\/\/www.2eso.info\/\">Libro Virtual de Castellano hecho por los alumnos de 2\u00ba de ESO\u00a0 del INS Alella<\/a><\/div>\n<\/div>\n<div>\n<div><a href=\"http:\/\/losprimerosdelacierva.blogspot.com\/\">Los primeros de la cierva<\/a><\/div>\n<\/div>\n<div>\n<div><a href=\"http:\/\/musicaselvatge.blogspot.com.es\/\">M\u00fasica Selvatge 2<\/a><\/div>\n<\/div>\n<div>\n<div><a href=\"http:\/\/aprender20.es\/periodico\/\">Peri\u00f3dico Digital Aldaba<\/a><\/div>\n<\/div>\n<div>\n<div><a href=\"http:\/\/planetatercerob.blogspot.com.es\/\">Planeta Tercero B<\/a><\/div>\n<\/div>\n<div>\n<div><a href=\"http:\/\/ticnados.blogspot.com.es\/\">Ticnados<\/a><\/div>\n<\/div>\n<div><\/div>\n<div>\n<div><strong>BLOGS DE ALUMNOS DE BACHILLERATO<\/strong><\/div>\n<\/div>\n<div>\n<div><a href=\"http:\/\/eolapaz3.blogspot.com.es\/\">Eolapaz3<\/a><\/div>\n<\/div>\n<div>\n<div><a href=\"http:\/\/illargonauta.blogspot.com\/\">illARgonauta<\/a><\/div>\n<\/div>\n<div>\n<div><a href=\"http:\/\/nautilusalpajes.blogspot.com.es\/\">Proyecto Nautilus<\/a><\/div>\n<\/div>\n<div>\n<div><a href=\"http:\/\/tecnoblogueando.blogspot.com.es\/\">Tecnoblogueando<\/a><\/div>\n<\/div>\n<div><\/div>\n<div>\n<div><strong>BLOGS DE ALUMNOS DE FP<\/strong><\/div>\n<\/div>\n<div>\n<div><a href=\"http:\/\/animacionymarketing.blogspot.com.es\/\">Animaci\u00f3n y Marketing en el Punto de Venta.<\/a><\/div>\n<\/div>\n<div>\n<div><a href=\"http:\/\/1b12012.blogspot.com.es\/\">Chispa\u2019s Celtics<\/a><\/div>\n<\/div>\n<div>\n<div><a href=\"http:\/\/losespcpiealistas.blogspot.com.es\/\">LOS ESpcpieALISTAS<\/a><\/div>\n<\/div>\n<div><\/div>\n<div>\n<div><strong>BLOGS DE ALUMNOS DE ADULTOS \u2013 UNIVERSIDAD \u2013 EOI<\/strong><\/div>\n<\/div>\n<p>Categor\u00eda desierta<\/p>\n","protected":false},"excerpt":{"rendered":"<p>Finalistas de la VII Edici\u00f3n del Premio Edublogs. Publicaci\u00f3n de resultados finales el 11 de mayo de 2013. BLOGS DE MAESTROS Y MAESTRAS, PROFESORES Y PROFESORAS \u00c1ngeles y demonios de 5\u00ba As\u00ed lo contamos\u2026 desde Velilla Aula de Lengua y Literatura AulaTic Terra de Ferrol\u00a0 Blogotero Clases de lengua Con l\u00e1piz y teclas Creaci\u00f3n literaria [&hellip;]<\/p>\n","protected":false},"author":1,"featured_media":0,"comment_status":"open","ping_status":"open","sticky":false,"template":"","format":"standard","meta":{"footnotes":""},"categories":[17,18,2],"tags":[],"class_list":["post-6835","post","type-post","status-publish","format-standard","hentry","category-articulos","category-tic","category-weblogs_en_el_aula"],"_links":{"self":[{"href":"http:\/\/aula21.net\/aulablog21\/wp-json\/wp\/v2\/posts\/6835","targetHints":{"allow":["GET"]}}],"collection":[{"href":"http:\/\/aula21.net\/aulablog21\/wp-json\/wp\/v2\/posts"}],"about":[{"href":"http:\/\/aula21.net\/aulablog21\/wp-json\/wp\/v2\/types\/post"}],"author":[{"embeddable":true,"href":"http:\/\/aula21.net\/aulablog21\/wp-json\/wp\/v2\/users\/1"}],"replies":[{"embeddable":true,"href":"http:\/\/aula21.net\/aulablog21\/wp-json\/wp\/v2\/comments?post=6835"}],"version-history":[{"count":0,"href":"http:\/\/aula21.net\/aulablog21\/wp-json\/wp\/v2\/posts\/6835\/revisions"}],"wp:attachment":[{"href":"http:\/\/aula21.net\/aulablog21\/wp-json\/wp\/v2\/media?parent=6835"}],"wp:term":[{"taxonomy":"category","embeddable":true,"href":"http:\/\/aula21.net\/aulablog21\/wp-json\/wp\/v2\/categories?post=6835"},{"taxonomy":"post_tag","embeddable":true,"href":"http:\/\/aula21.net\/aulablog21\/wp-json\/wp\/v2\/tags?post=6835"}],"curies":[{"name":"wp","href":"https:\/\/api.w.org\/{rel}","templated":true}]}}