{"id":686,"date":"2006-02-12T11:41:13","date_gmt":"2006-02-12T10:41:13","guid":{"rendered":"http:\/\/127.0.0.1\/wordpress2\/index.php\/archives\/2006\/02\/12\/blogs-en-el-ies-la-orden-de-huelva\/"},"modified":"2006-02-12T12:18:20","modified_gmt":"2006-02-12T11:18:20","slug":"blogs-en-el-ies-la-orden-de-huelva","status":"publish","type":"post","link":"http:\/\/aula21.net\/aulablog21\/archives\/2006\/02\/12\/blogs-en-el-ies-la-orden-de-huelva\/","title":{"rendered":"Blogs en el IES La Orden de Huelva"},"content":{"rendered":"<p>Me escribe Paco Garc\u00eda profesor de Lengua Castellana y Literatura en el <a href=\"http:\/\/www.juntadeandalucia.es\/averroes\/ieslaordenhuelva\">IES La Orden de Huelva <\/a>para darme a conocer tres blogs creados en el <a href=\"http:\/\/www.acelblog.com\/\">servicio gratuito acelblog<\/a>\u00a0que\u00a0 merecen ser destacados\u00a0:<\/p>\n<ul>\n<li><a href=\"http:\/\/poeticas.acelblog.com\/\">http:\/\/poeticas.acelblog.com\/<\/a> Es una amplia antolog\u00eda de metapoes\u00eda. Importantes poetas espa\u00f1oles, hispanoamericanos y, en menor medida, de otras literaturas, explican a trav\u00e9s de sus versos su concepci\u00f3n de la poes\u00eda. Es una p\u00e1gina \u00fatil para introducir en las clases de literatura el estudio de distintos movimientos po\u00e9ticos y autores concretos. <\/li>\n<li><a href=\"http:\/\/laorden.acelblog.com\/\">http:\/\/laorden.acelblog.com\/<\/a>\u00a0El peri\u00f3dico escolar del Instituto La Orden es un blog coordinado por\u00a0Paco\u00a0con ayuda de otro profesor en el que colaboran los alumnos.<\/li>\n<li><a href=\"http:\/\/jrjimenez.acelblog.com\/\" target=\"_blank\">http:\/\/jrjimenez.acelblog.com<\/a>\u00a0 Es\u00a0el m\u00e1s reciente. Un blog en torno a la celebraci\u00f3n del 50 aniversario del Nobel de Juan Ram\u00f3n. En ella participan un grupo de profesores de distintos institutos de Huelva. Ley\u00e9ndolo he aprendido nuevas cosas de este maravilloso poeta y <a href=\"http:\/\/www.omerique.net\/twiki\/bin\/view\/Recursos\/JuanRamonJimenez\">he descubierto esta Caza de Tesoros<\/a>.<\/li>\n<\/ul>\n<p \/>\n<p>Creo que son unos magn\u00edficos nuevos fichajes para la\u00a0blogosfera educativa, no dej\u00e9is de <a href=\"http:\/\/www.aulablog.com\/planeta\/\">apuntaros en el Planeta Educativo renovado<\/a>.<\/p><\/p>\n","protected":false},"excerpt":{"rendered":"<p>Me escribe Paco Garc\u00eda profesor de Lengua Castellana y Literatura en el IES La Orden de Huelva para darme a conocer tres blogs creados en el servicio gratuito acelblog\u00a0que\u00a0 merecen ser destacados\u00a0: http:\/\/poeticas.acelblog.com\/ Es una amplia antolog\u00eda de metapoes\u00eda. Importantes poetas espa\u00f1oles, hispanoamericanos y, en menor medida, de otras literaturas, explican a trav\u00e9s de sus [&hellip;]<\/p>\n","protected":false},"author":1,"featured_media":0,"comment_status":"open","ping_status":"open","sticky":false,"template":"","format":"standard","meta":{"footnotes":""},"categories":[2],"tags":[],"class_list":["post-686","post","type-post","status-publish","format-standard","hentry","category-weblogs_en_el_aula"],"_links":{"self":[{"href":"http:\/\/aula21.net\/aulablog21\/wp-json\/wp\/v2\/posts\/686","targetHints":{"allow":["GET"]}}],"collection":[{"href":"http:\/\/aula21.net\/aulablog21\/wp-json\/wp\/v2\/posts"}],"about":[{"href":"http:\/\/aula21.net\/aulablog21\/wp-json\/wp\/v2\/types\/post"}],"author":[{"embeddable":true,"href":"http:\/\/aula21.net\/aulablog21\/wp-json\/wp\/v2\/users\/1"}],"replies":[{"embeddable":true,"href":"http:\/\/aula21.net\/aulablog21\/wp-json\/wp\/v2\/comments?post=686"}],"version-history":[{"count":0,"href":"http:\/\/aula21.net\/aulablog21\/wp-json\/wp\/v2\/posts\/686\/revisions"}],"wp:attachment":[{"href":"http:\/\/aula21.net\/aulablog21\/wp-json\/wp\/v2\/media?parent=686"}],"wp:term":[{"taxonomy":"category","embeddable":true,"href":"http:\/\/aula21.net\/aulablog21\/wp-json\/wp\/v2\/categories?post=686"},{"taxonomy":"post_tag","embeddable":true,"href":"http:\/\/aula21.net\/aulablog21\/wp-json\/wp\/v2\/tags?post=686"}],"curies":[{"name":"wp","href":"https:\/\/api.w.org\/{rel}","templated":true}]}}