{"id":6881,"date":"2013-05-11T13:24:06","date_gmt":"2013-05-11T12:24:06","guid":{"rendered":"http:\/\/aula21.net\/aulablog21\/?p=6881"},"modified":"2013-05-13T11:11:59","modified_gmt":"2013-05-13T10:11:59","slug":"blogs-ganadores-del-premio-espiral-de-edublogs-2013","status":"publish","type":"post","link":"http:\/\/aula21.net\/aulablog21\/archives\/2013\/05\/11\/blogs-ganadores-del-premio-espiral-de-edublogs-2013\/","title":{"rendered":"Blogs Ganadores del Premio Espiral de Edublogs 2013"},"content":{"rendered":"<p style=\"text-align: center;\"><!--adsense--><\/p>\n<p>Hoy de ha dado a conocer la lista de los ganadores del Premio Espiral Edublogs 2013 en cada categor\u00eda. Est\u00e1n publicados en orden alfab\u00e9tico , la posici\u00f3n final de primero, segundo y tercero (blogs con Peonza) no se anunciar\u00e1 hasta el d\u00eda de la entrega de premios, el pr\u00f3ximo 8 de junio.<\/p>\n<p><strong>BLOGS DE DOCENTES <\/strong><\/p>\n<p><a href=\"http:\/\/jlesolengua.blogspot.com.es\">Aula de Lengua y Literatura<\/a><\/p>\n<p><a href=\"http:\/\/aulatic-terradeferrol.blogspot.com\">AulaTic Terra de Ferrol\u00a0<\/a><\/p>\n<p><a href=\"http:\/\/alumnosprimaria.blogspot.com.es\">Creaci\u00f3n literaria y m\u00e1s\u2026 en 5\u00ba y 6\u00ba de Primaria<\/a><\/p>\n<p><a href=\"http:\/\/blogdequintopradera.blogspot.com.es\/\">El Blog de Quinto Pradera\u00a0 <\/a><\/p>\n<p><a href=\"http:\/\/recursosgeograficos.com\/\">Recursos Geogr\u00e1ficos<\/a><\/p>\n<p><strong>BLOGS DE MAESTROS\u00a0 DE INFANTIL\u00a0<\/strong><\/p>\n<p><a href=\"http:\/\/aulacaracolluiscernuda.blogspot.com.es\/\">Aula Caracol Luis Cernuda<\/a><\/p>\n<p><a href=\"http:\/\/elblogdelaprofemarta.blogspot.com.es\/\">El Blog de la profe Marta<\/a><\/p>\n<p><a href=\"http:\/\/elracodelinfant.blogspot.com\/\">El Rac\u00f3 de l\u2019Infant<\/a><\/p>\n<p><a href=\"http:\/\/laclasedemiren.blogspot.com.es\/\">La clase de Miren<\/a><\/p>\n<p><a href=\"http:\/\/sonandosonrisas.blogspot.com\">So\u00f1ando sonrisas\u2026 <\/a><\/p>\n<p><a title=\"Acceder\" href=\"http:\/\/espiraledublogs.org\/2013\/?p=4651\" target=\"_blank\"><img loading=\"lazy\" decoding=\"async\" class=\"alignnone size-full wp-image-6882\" title=\"btn-seguir-leyendo\" src=\"http:\/\/aula21.net\/aulablog21\/wp-content\/uploads\/2013\/05\/btn-seguir-leyendo.png\" alt=\"\" width=\"131\" height=\"26\" \/><\/a><\/p>\n","protected":false},"excerpt":{"rendered":"<p>Hoy de ha dado a conocer la lista de los ganadores del Premio Espiral Edublogs 2013 en cada categor\u00eda. Est\u00e1n publicados en orden alfab\u00e9tico , la posici\u00f3n final de primero, segundo y tercero (blogs con Peonza) no se anunciar\u00e1 hasta el d\u00eda de la entrega de premios, el pr\u00f3ximo 8 de junio. BLOGS DE DOCENTES [&hellip;]<\/p>\n","protected":false},"author":1,"featured_media":0,"comment_status":"open","ping_status":"open","sticky":false,"template":"","format":"standard","meta":{"footnotes":""},"categories":[17,18,28,2],"tags":[],"class_list":["post-6881","post","type-post","status-publish","format-standard","hentry","category-articulos","category-tic","category-web20","category-weblogs_en_el_aula"],"_links":{"self":[{"href":"http:\/\/aula21.net\/aulablog21\/wp-json\/wp\/v2\/posts\/6881","targetHints":{"allow":["GET"]}}],"collection":[{"href":"http:\/\/aula21.net\/aulablog21\/wp-json\/wp\/v2\/posts"}],"about":[{"href":"http:\/\/aula21.net\/aulablog21\/wp-json\/wp\/v2\/types\/post"}],"author":[{"embeddable":true,"href":"http:\/\/aula21.net\/aulablog21\/wp-json\/wp\/v2\/users\/1"}],"replies":[{"embeddable":true,"href":"http:\/\/aula21.net\/aulablog21\/wp-json\/wp\/v2\/comments?post=6881"}],"version-history":[{"count":0,"href":"http:\/\/aula21.net\/aulablog21\/wp-json\/wp\/v2\/posts\/6881\/revisions"}],"wp:attachment":[{"href":"http:\/\/aula21.net\/aulablog21\/wp-json\/wp\/v2\/media?parent=6881"}],"wp:term":[{"taxonomy":"category","embeddable":true,"href":"http:\/\/aula21.net\/aulablog21\/wp-json\/wp\/v2\/categories?post=6881"},{"taxonomy":"post_tag","embeddable":true,"href":"http:\/\/aula21.net\/aulablog21\/wp-json\/wp\/v2\/tags?post=6881"}],"curies":[{"name":"wp","href":"https:\/\/api.w.org\/{rel}","templated":true}]}}