{"id":6911,"date":"2013-05-16T08:42:59","date_gmt":"2013-05-16T07:42:59","guid":{"rendered":"http:\/\/aula21.net\/aulablog21\/?p=6911"},"modified":"2013-05-16T09:07:43","modified_gmt":"2013-05-16T08:07:43","slug":"educacontic-es-finalista-de-la-xv-edicion-de-los-premios-de-internet-2013","status":"publish","type":"post","link":"http:\/\/aula21.net\/aulablog21\/archives\/2013\/05\/16\/educacontic-es-finalista-de-la-xv-edicion-de-los-premios-de-internet-2013\/","title":{"rendered":"Educacontic es finalista de la XV edici\u00f3n de los Premios de Internet 2013"},"content":{"rendered":"<p style=\"text-align: center;\"><!--adsense--><\/p>\n<p><a title=\"Acceder\" href=\"http:\/\/www.educacontic.es\/\" target=\"_blank\">Educacontic<\/a> es uno de los finalistas de la XV edici\u00f3n de los Premios de Internet 2013.<a title=\"Acceder\" href=\"http:\/\/www.diadeinternet.org\/2013\/?page=prem_candidaturas_finalistas\" target=\"_blank\"> En esta p\u00e1gina <\/a>tenemos la lista de todos los candidatos por orden alfab\u00e9tico.<\/p>\n<p><a title=\"Acceder\" href=\"http:\/\/www.diadeinternet.org\/2013\/?page=prem_candidaturas_finalistas\" target=\"_blank\"><img loading=\"lazy\" decoding=\"async\" class=\"aligncenter  wp-image-6912\" title=\"Captura de pantalla 2013-05-29 a la(s) 09.28.54\" src=\"http:\/\/aula21.net\/aulablog21\/wp-content\/uploads\/2013\/05\/Captura-de-pantalla-2013-05-29-a-las-09.28.54-300x114.png\" alt=\"\" width=\"458\" height=\"173\" srcset=\"http:\/\/aula21.net\/aulablog21\/wp-content\/uploads\/2013\/05\/Captura-de-pantalla-2013-05-29-a-las-09.28.54-300x114.png 300w, http:\/\/aula21.net\/aulablog21\/wp-content\/uploads\/2013\/05\/Captura-de-pantalla-2013-05-29-a-las-09.28.54-768x292.png 768w, http:\/\/aula21.net\/aulablog21\/wp-content\/uploads\/2013\/05\/Captura-de-pantalla-2013-05-29-a-las-09.28.54.png 977w\" sizes=\"auto, (max-width: 458px) 100vw, 458px\" \/><\/a><\/p>\n<p>Desde la creaci\u00f3n de educ@contic, hace ya cuatro a\u00f1os, tengo el honor de haber formado parte <a title=\"Acceder\" href=\"http:\/\/www.educacontic.es\/equipo-de-educa-con-tic\" target=\"_blank\">de su equipo de redacci\u00f3n <\/a>coordinado por <a title=\"Acceder\" href=\"http:\/\/www.educacontic.es\/usuario\/anibal-de-la-torre\" target=\"_blank\">An\u00edbal de la Torre.<\/a> Gane o no gane, para mi el premio es lo mucho que he aprendido junto a mis compa\u00f1eros y espero que el proyecto siga adelante con todo el apoyo que se merece por parte del Ministerio de Educaci\u00f3n y Cultura, <span style=\"font-size: small;\"><strong>\u00a1 enhorabuena<a title=\"Acceder\" href=\"http:\/\/www.educacontic.es\/\" target=\"_blank\"> Educ@contic<\/a> !<\/strong><\/span><\/p>\n<p><iframe loading=\"lazy\" src=\"http:\/\/player.vimeo.com\/video\/42350947\" frameborder=\"0\" width=\"470\" height=\"281\"><\/iframe><\/p>\n<p style=\"text-align: center;\">\u00a0From <a href=\"http:\/\/vimeo.com\/educacontic\">Educ@conTIC<\/a> on <a href=\"http:\/\/vimeo.com\">Vimeo<\/a>.<\/p>\n","protected":false},"excerpt":{"rendered":"<p>Educacontic es uno de los finalistas de la XV edici\u00f3n de los Premios de Internet 2013. En esta p\u00e1gina tenemos la lista de todos los candidatos por orden alfab\u00e9tico. Desde la creaci\u00f3n de educ@contic, hace ya cuatro a\u00f1os, tengo el honor de haber formado parte de su equipo de redacci\u00f3n coordinado por An\u00edbal de la [&hellip;]<\/p>\n","protected":false},"author":1,"featured_media":0,"comment_status":"open","ping_status":"open","sticky":false,"template":"","format":"standard","meta":{"footnotes":""},"categories":[17,37,8,7,14,18,28],"tags":[],"class_list":["post-6911","post","type-post","status-publish","format-standard","hentry","category-articulos","category-colaboraciones","category-educacion_e_internet","category-personal","category-recursos-variados","category-tic","category-web20"],"_links":{"self":[{"href":"http:\/\/aula21.net\/aulablog21\/wp-json\/wp\/v2\/posts\/6911","targetHints":{"allow":["GET"]}}],"collection":[{"href":"http:\/\/aula21.net\/aulablog21\/wp-json\/wp\/v2\/posts"}],"about":[{"href":"http:\/\/aula21.net\/aulablog21\/wp-json\/wp\/v2\/types\/post"}],"author":[{"embeddable":true,"href":"http:\/\/aula21.net\/aulablog21\/wp-json\/wp\/v2\/users\/1"}],"replies":[{"embeddable":true,"href":"http:\/\/aula21.net\/aulablog21\/wp-json\/wp\/v2\/comments?post=6911"}],"version-history":[{"count":0,"href":"http:\/\/aula21.net\/aulablog21\/wp-json\/wp\/v2\/posts\/6911\/revisions"}],"wp:attachment":[{"href":"http:\/\/aula21.net\/aulablog21\/wp-json\/wp\/v2\/media?parent=6911"}],"wp:term":[{"taxonomy":"category","embeddable":true,"href":"http:\/\/aula21.net\/aulablog21\/wp-json\/wp\/v2\/categories?post=6911"},{"taxonomy":"post_tag","embeddable":true,"href":"http:\/\/aula21.net\/aulablog21\/wp-json\/wp\/v2\/tags?post=6911"}],"curies":[{"name":"wp","href":"https:\/\/api.w.org\/{rel}","templated":true}]}}