{"id":695,"date":"2006-02-17T13:46:34","date_gmt":"2006-02-17T12:46:34","guid":{"rendered":"http:\/\/127.0.0.1\/wordpress2\/index.php\/archives\/2006\/02\/17\/docentisimo\/"},"modified":"2006-02-17T20:31:22","modified_gmt":"2006-02-17T19:31:22","slug":"docentisimo","status":"publish","type":"post","link":"http:\/\/aula21.net\/aulablog21\/archives\/2006\/02\/17\/docentisimo\/","title":{"rendered":"Docent\u00edsimo"},"content":{"rendered":"<p><a href=\"http:\/\/www.hoy.es\/pg060217\/prensa\/noticias\/Cartas_Opinion\/200602\/17\/HOY-OPI-243.html\">Publicado en Cartas al director del diario HOY<\/a>:<\/p>\n<p>Soy docente de muchos a\u00f1os, he desarrollado mi labor en varias comunidades aut\u00f3nomas y puedo certificar que Extremadura es la que peor trata a sus docentes. Llega a mis o\u00eddos el rumor de que la Consejer\u00eda de Educaci\u00f3n va a incrementar la n\u00f3mina de sus ense\u00f1antes en 35 euros al mes; esto es un insulto y un impresionante desprecio a una labor tan fundamental e insustituible como la de docente, que para los &#8216;dioses&#8217; de la Administraci\u00f3n vale solamente un pu\u00f1ado de euros. Que se queden con los 35 euros y que los utilicen para pagar la limpieza de las carcasas de los ordenadores pintarrajeadas y &#8216;tuneadas&#8217; por los alumnos o para reponer los teclados maltrechos que ya no funcionan. Jam\u00e1s podr\u00e1 Extremadura atajar su fracaso escolar si para ello pretende maltratar a sus docentes. Extremadura los tiene muy buenos, pero necesita recursos: personales, materiales, curriculares&#8230; y para ellos se necesita dinero. \u00bfCu\u00e1ntos centros hay que no tienen ni un miserable retroproyector porque no pueden permitirse el lujo de comprarlo? \u00bfCu\u00e1ntos funcionan con plantillas escasas? \u00bfCu\u00e1ntos no disponen de una biblioteca digna? \u00bfCu\u00e1ntos est\u00e1n invadidos por la humedad y casi en ruinas? \u00bfCu\u00e1ntos carecen de los recursos necesarios para llevar a cabo la labor educativa: laboratorio mal dotados (en primaria ni los tienen), poco material para desarrollar el curr\u00edculo de las diferentes materias&#8230;? El docente, adem\u00e1s, se encuentra solo dado que la Administraci\u00f3n tiene como \u00fanico objetivo mantener contentos a los padres. Si los padres protestan consiguen lo que quieren, pero si los docentes protestan no se les hace ni caso. Esta reflexi\u00f3n no pretende ser una cr\u00edtica a los padres sino una llamada a la Administraci\u00f3n: \u00bfEh, consejera, que los docentes tambi\u00e9n existimos! Estamos solos para luchar contra la indisciplina dado que las herramientas que nos ofrecen para atajarla son insuficientes; solos cuando vemos que nuestra labor es la peor pagada del Estado; solos cuando asistimos a cambios en el sistema para los que no se nos ha pide opini\u00f3n pese a que somos los actores principales de este teatro; solos estamos y solos seguiremos. Mis o\u00eddos no se acostumbrar\u00e1n nunca al murmullo permanente en las aulasni a las palabras que inundan los pasillos de los centros y sus zonas de recreo cuando no las propias aulas, palabras como: \u00bfcabr\u00f3n!, \u00bfhijo de p&#8230;!, por citar s\u00f3lo algunas. Vocabulario agresivo y actitudes agresivas de muchos alumnos, muestra inquietante de una realidad que crece. \u00bfNo se estar\u00e1n buscando soluciones al fracaso escolar en lugar equivocado? Probemos a que el respeto vuelva a las aulas, probemos a dar a los ni\u00f1os que no quieren estudiar otra v\u00eda desde 1\u00ba de ESO, probemos a devolver al docente la necesaria autoridad, probemos a intentar que la mala conducta no salga gratis a los alumnos&#8230; Sigan ustedes, se\u00f1ores importantes, buscando soluciones sin contar con los docentes, que son los que verdaderamente saben del tema. Y, por favor, si no quieren pagarnos dignamente no lo hagan, pero no nos insulten subi\u00e9ndonos el sueldo 35 euros de miseria. Y si buscan culpables del fracaso escolar, ma\u00f1ana, cuando se levanten ustedes, m\u00edrense al espejo.<br \/>\u00a0FCO. J. RAM\u00cdREZ L\u00d3PEZ-ZUAZO<\/p>\n<p>M\u00e1s de lo mismo pero siguen sin escuchar a los sufridores docentes&#8230;<\/p>\n<p>Actualizaci\u00f3n: Javier Garc\u00eda <a href=\"http:\/\/www.telefonica.net\/web2\/cc276\/tb\/archives\/02-01-2006_02-28-2006.html#100\">opina que los docentes\u00a0<\/a><strong><a href=\"http:\/\/www.telefonica.net\/web2\/cc276\/tb\/archives\/02-01-2006_02-28-2006.html#100\"> &quot;<i>est\u00e1n hartos de tanta ideolog\u00eda y de tan poco sentido com\u00fan<\/i>&quot;.<\/a> <\/strong><\/p>\n<p \/>\n","protected":false},"excerpt":{"rendered":"<p>Publicado en Cartas al director del diario HOY: Soy docente de muchos a\u00f1os, he desarrollado mi labor en varias comunidades aut\u00f3nomas y puedo certificar que Extremadura es la que peor trata a sus docentes. Llega a mis o\u00eddos el rumor de que la Consejer\u00eda de Educaci\u00f3n va a incrementar la n\u00f3mina de sus ense\u00f1antes en [&hellip;]<\/p>\n","protected":false},"author":1,"featured_media":0,"comment_status":"open","ping_status":"open","sticky":false,"template":"","format":"standard","meta":{"footnotes":""},"categories":[8],"tags":[],"class_list":["post-695","post","type-post","status-publish","format-standard","hentry","category-educacion_e_internet"],"_links":{"self":[{"href":"http:\/\/aula21.net\/aulablog21\/wp-json\/wp\/v2\/posts\/695","targetHints":{"allow":["GET"]}}],"collection":[{"href":"http:\/\/aula21.net\/aulablog21\/wp-json\/wp\/v2\/posts"}],"about":[{"href":"http:\/\/aula21.net\/aulablog21\/wp-json\/wp\/v2\/types\/post"}],"author":[{"embeddable":true,"href":"http:\/\/aula21.net\/aulablog21\/wp-json\/wp\/v2\/users\/1"}],"replies":[{"embeddable":true,"href":"http:\/\/aula21.net\/aulablog21\/wp-json\/wp\/v2\/comments?post=695"}],"version-history":[{"count":0,"href":"http:\/\/aula21.net\/aulablog21\/wp-json\/wp\/v2\/posts\/695\/revisions"}],"wp:attachment":[{"href":"http:\/\/aula21.net\/aulablog21\/wp-json\/wp\/v2\/media?parent=695"}],"wp:term":[{"taxonomy":"category","embeddable":true,"href":"http:\/\/aula21.net\/aulablog21\/wp-json\/wp\/v2\/categories?post=695"},{"taxonomy":"post_tag","embeddable":true,"href":"http:\/\/aula21.net\/aulablog21\/wp-json\/wp\/v2\/tags?post=695"}],"curies":[{"name":"wp","href":"https:\/\/api.w.org\/{rel}","templated":true}]}}