{"id":697,"date":"2006-02-19T17:47:40","date_gmt":"2006-02-19T16:47:40","guid":{"rendered":"http:\/\/127.0.0.1\/wordpress2\/index.php\/archives\/2006\/02\/19\/merecido-premio-a-isabel\/"},"modified":"2006-02-19T17:52:03","modified_gmt":"2006-02-19T16:52:03","slug":"merecido-premio-a-isabel","status":"publish","type":"post","link":"http:\/\/aula21.net\/aulablog21\/archives\/2006\/02\/19\/merecido-premio-a-isabel\/","title":{"rendered":"Merecido premio a Isabel"},"content":{"rendered":"<p>Mi amiga Isabel P\u00e9rez Torres, que muchos conocer\u00e9is por tener una de las mejores p\u00e1ginas de ingl\u00e9s de habla\u00a0hispana\u00a0<a href=\"http:\/\/www.isabelperez.com\/\">http:\/\/www.isabelperez.com\/<\/a>\u00a0ha recibido el premio <a href=\"http:\/\/www.mec.es\/programas-europeos\/jsp\/plantilla.jsp?id=sello\">The European Label for innovative projects in language teaching and learning 2005 in the modality B<\/a>, que concede\u00a0 la\u00a0 Agencia Europea y el Ministerio de Educaci\u00f3n de Espa\u00f1a. <br \/>Esta modalidad se concede como reconocimiento a una trayectoria profesional. <br \/>En su <a href=\"http:\/\/www.ugr.es\/~iperez\/myblog\/index.htm\">weblog\u00a0<\/a>ella misma nos lo cuenta. <br \/>Ya\u00a0iba siendo hora que gente que ha currado un mont\u00f3n de tiempo de forma altruista como Isabel reciba su merecido reconocimiento, de alguna manera podriamos decir que relacionado con esto\u00a0se ha abierto <a href=\"http:\/\/www.aulablog.com\/index.php?option=com_simpleboard&#038;func=view&#038;catid=5&#038;id=170#170\">un peque\u00f1o gran debate en aulablog.com<\/a>&#8230;<\/p>\n<p>El gobierno se ha gastado m\u00e1s de 16 millones de Euros en la campa\u00f1a <a href=\"Mi%20amiga%20Isabel%20P\u00e9rez%20Torres,%20que%20muchos%20conocer\u00e9is%20por%20tener%20una%20de%20las%20mejores\">todos.es<\/a> y hay un mont\u00f3n de gente que estamos gastando\u00a0nuestro tiempo y\u00a0dinero en mantener p\u00e1ginas web educativas para luego no ser reconocidos de manera alguna. A pesar de los pesares por aqu\u00ed seguiremos, fundamentalmente porque esto lo hacemos por gusto y pensamos que es un beneficio para nuestros alumnos y compa\u00f1eros de profesi\u00f3n.<\/p>\n<p \/>\n","protected":false},"excerpt":{"rendered":"<p>Mi amiga Isabel P\u00e9rez Torres, que muchos conocer\u00e9is por tener una de las mejores p\u00e1ginas de ingl\u00e9s de habla\u00a0hispana\u00a0http:\/\/www.isabelperez.com\/\u00a0ha recibido el premio The European Label for innovative projects in language teaching and learning 2005 in the modality B, que concede\u00a0 la\u00a0 Agencia Europea y el Ministerio de Educaci\u00f3n de Espa\u00f1a. Esta modalidad se concede como [&hellip;]<\/p>\n","protected":false},"author":1,"featured_media":0,"comment_status":"open","ping_status":"open","sticky":false,"template":"","format":"standard","meta":{"footnotes":""},"categories":[8],"tags":[],"class_list":["post-697","post","type-post","status-publish","format-standard","hentry","category-educacion_e_internet"],"_links":{"self":[{"href":"http:\/\/aula21.net\/aulablog21\/wp-json\/wp\/v2\/posts\/697","targetHints":{"allow":["GET"]}}],"collection":[{"href":"http:\/\/aula21.net\/aulablog21\/wp-json\/wp\/v2\/posts"}],"about":[{"href":"http:\/\/aula21.net\/aulablog21\/wp-json\/wp\/v2\/types\/post"}],"author":[{"embeddable":true,"href":"http:\/\/aula21.net\/aulablog21\/wp-json\/wp\/v2\/users\/1"}],"replies":[{"embeddable":true,"href":"http:\/\/aula21.net\/aulablog21\/wp-json\/wp\/v2\/comments?post=697"}],"version-history":[{"count":0,"href":"http:\/\/aula21.net\/aulablog21\/wp-json\/wp\/v2\/posts\/697\/revisions"}],"wp:attachment":[{"href":"http:\/\/aula21.net\/aulablog21\/wp-json\/wp\/v2\/media?parent=697"}],"wp:term":[{"taxonomy":"category","embeddable":true,"href":"http:\/\/aula21.net\/aulablog21\/wp-json\/wp\/v2\/categories?post=697"},{"taxonomy":"post_tag","embeddable":true,"href":"http:\/\/aula21.net\/aulablog21\/wp-json\/wp\/v2\/tags?post=697"}],"curies":[{"name":"wp","href":"https:\/\/api.w.org\/{rel}","templated":true}]}}