{"id":7015,"date":"2013-06-14T10:33:00","date_gmt":"2013-06-14T09:33:00","guid":{"rendered":"http:\/\/aula21.net\/aulablog21\/?p=7015"},"modified":"2013-06-14T10:34:13","modified_gmt":"2013-06-14T09:34:13","slug":"educar-lo-es-todo-2013","status":"publish","type":"post","link":"http:\/\/aula21.net\/aulablog21\/archives\/2013\/06\/14\/educar-lo-es-todo-2013\/","title":{"rendered":"Educar lo es todo 2013"},"content":{"rendered":"<p style=\"text-align: center;\"><!--adsense--><\/p>\n<p><img loading=\"lazy\" decoding=\"async\" class=\"alignleft\" style=\"margin-left: 8px; margin-right: 8px;\" src=\"http:\/\/www.fundacion-sm.com\/ArchivosColegios\/fundacionSM\/Imagenes\/web%20(2)\/img080.gif\" alt=\"\" width=\"140\" height=\"138\" \/>La Fundaci\u00f3n SM ha fallado el concurso de <span style=\"color: red;\"><strong><span style=\"color: black;\">buenas pr\u00e1cticas educativas de lucha contra el abandono escolar temprano y el fracaso escolar<\/span><\/strong> <span style=\"color: black;\">convocado<\/span> <\/span><span style=\"color: black;\">dentro\u00a0del programa anual <strong>Educar lo es todo<\/strong>. De los 152 proyectos presentados, 27 fueron preseleccionados como especialmente significativos. De ellos, el jurado ha decidido premiar los siguientes:<\/span><\/p>\n<blockquote dir=\"ltr\"><p><span style=\"color: blue;\">\u00a0<strong>\u00a0\u00a0&#8211; Parroquia de Santo Domingo de la Calzada (Madrid)<\/strong><\/span><\/p>\n<p><strong><span style=\"color: blue;\">\u00a0\u00a0\u00a0&#8211; IES Gran Canaria (Las Palmas de Gran Canaria)<\/span><\/strong><\/p>\n<p><strong><span style=\"color: blue;\">\u00a0\u00a0\u00a0&#8211; CEIP Antonio Machado (M\u00e9rida. Badajoz)<\/span><\/strong><\/p>\n<p><strong><span style=\"color: blue;\">\u00a0\u00a0\u00a0&#8211; Asociaci\u00f3n Arca de No\u00e9 (Valencia)<\/span><\/strong><\/p>\n<p><strong><span style=\"color: blue;\">\u00a0\u00a0\u00a0&#8211; Fundaci\u00f3n El Llindar (Cornell\u00e0. Barcelona)<\/span><\/strong><\/p>\n<p><strong><span style=\"color: blue;\">\u00a0\u00a0\u00a0&#8211; Fundaci\u00f3n Secretariado Gitano (\u00e1mbito nacional)<\/span><\/strong><\/p>\n<p><strong><span style=\"color: blue;\">\u00a0\u00a0\u00a0&#8211; CP La Paz (Albacete)<\/span><\/strong><\/p>\n<p><strong><span style=\"color: blue;\">\u00a0\u00a0\u00a0&#8211; Asociaci\u00f3n Diversy &#8211; CEIP Pr\u00e1cticas 1 (M\u00e1laga)<\/span><\/strong><\/p>\n<p><strong><span style=\"color: blue;\">\u00a0\u00a0\u00a0&#8211; IES Dom\u00ednguez Ortiz (Sevilla) <\/span><\/strong><\/p>\n<p><strong><span style=\"color: blue;\">\u00a0\u00a0\u00a0&#8211; Hermanas de la Caridad de San Vicente de Pa\u00fal (Palma de Mallorca)<\/span><\/strong><\/p>\n<p>Fuente: <a title=\"Acceder\" href=\"http:\/\/www.fundacion-sm.com\/ver_noticia.aspx?&amp;id=15880\" target=\"_blank\">Fundaci\u00f3n SM<\/a><\/p><\/blockquote>\n","protected":false},"excerpt":{"rendered":"<p>La Fundaci\u00f3n SM ha fallado el concurso de buenas pr\u00e1cticas educativas de lucha contra el abandono escolar temprano y el fracaso escolar convocado dentro\u00a0del programa anual Educar lo es todo. De los 152 proyectos presentados, 27 fueron preseleccionados como especialmente significativos. De ellos, el jurado ha decidido premiar los siguientes: \u00a0\u00a0\u00a0&#8211; Parroquia de Santo Domingo [&hellip;]<\/p>\n","protected":false},"author":1,"featured_media":0,"comment_status":"open","ping_status":"open","sticky":false,"template":"","format":"standard","meta":{"footnotes":""},"categories":[17,19,8],"tags":[],"class_list":["post-7015","post","type-post","status-publish","format-standard","hentry","category-articulos","category-educacion","category-educacion_e_internet"],"_links":{"self":[{"href":"http:\/\/aula21.net\/aulablog21\/wp-json\/wp\/v2\/posts\/7015","targetHints":{"allow":["GET"]}}],"collection":[{"href":"http:\/\/aula21.net\/aulablog21\/wp-json\/wp\/v2\/posts"}],"about":[{"href":"http:\/\/aula21.net\/aulablog21\/wp-json\/wp\/v2\/types\/post"}],"author":[{"embeddable":true,"href":"http:\/\/aula21.net\/aulablog21\/wp-json\/wp\/v2\/users\/1"}],"replies":[{"embeddable":true,"href":"http:\/\/aula21.net\/aulablog21\/wp-json\/wp\/v2\/comments?post=7015"}],"version-history":[{"count":0,"href":"http:\/\/aula21.net\/aulablog21\/wp-json\/wp\/v2\/posts\/7015\/revisions"}],"wp:attachment":[{"href":"http:\/\/aula21.net\/aulablog21\/wp-json\/wp\/v2\/media?parent=7015"}],"wp:term":[{"taxonomy":"category","embeddable":true,"href":"http:\/\/aula21.net\/aulablog21\/wp-json\/wp\/v2\/categories?post=7015"},{"taxonomy":"post_tag","embeddable":true,"href":"http:\/\/aula21.net\/aulablog21\/wp-json\/wp\/v2\/tags?post=7015"}],"curies":[{"name":"wp","href":"https:\/\/api.w.org\/{rel}","templated":true}]}}