{"id":7017,"date":"2013-06-12T12:56:51","date_gmt":"2013-06-12T11:56:51","guid":{"rendered":"http:\/\/aula21.net\/aulablog21\/?p=7017"},"modified":"2013-06-12T13:03:35","modified_gmt":"2013-06-12T12:03:35","slug":"las-tic-en-la-educacion-obligatoria-de-la-teoria-a-la-politica-y-la-practica","status":"publish","type":"post","link":"http:\/\/aula21.net\/aulablog21\/archives\/2013\/06\/12\/las-tic-en-la-educacion-obligatoria-de-la-teoria-a-la-politica-y-la-practica\/","title":{"rendered":"Las TIC en la educaci\u00f3n obligatoria: de la teor\u00eda a la pol\u00edtica y la pr\u00e1ctica"},"content":{"rendered":"<p>Revista de educaci\u00f3n n\u00ba 352. <a title=\"Acceder\" href=\"https:\/\/sede.educacion.gob.es\/publiventa\/detalle.action?cod=13571\" target=\"_blank\">Las TIC en la educaci\u00f3n obligatoria: de la teor\u00eda a la pol\u00edtica y la pr\u00e1ctica.<\/a><\/p>\n<p style=\"text-align: center;\"><!--adsense--><\/p>\n<p>Este n\u00famero de la revista consta de seis art\u00edculos basados en distintas investigaciones llevadas a cabo sobre la continuidad\/discontinuidad entre las teor\u00edas, las pol\u00edticas y las pr\u00e1cticas educativas.<\/p>\n<p>Se complementa con sus secciones habituales: art\u00edculos de Investigaciones y Estudios, Ensayos e Informes, Experiencias Educativas (Innovaci\u00f3n), \u00cdndice Bibliogr\u00e1fico y Recensiones de Libros.<br \/>\n<iframe loading=\"lazy\" style=\"border: 0px;\" src=\"http:\/\/books.google.es\/books?id=dZ47AezyxawC&amp;lpg=PA1&amp;hl=es&amp;pg=PA1&amp;output=embed\" frameborder=\"0\" scrolling=\"no\" width=\"460\" height=\"460\"><\/iframe><\/p>\n<p><a title=\"Acceder\" href=\"https:\/\/sede.educacion.gob.es\/publiventa\/descargas.action?f_codigo=13571&amp;codigoOpcion=1\" target=\"_blank\">Descargar Revista en formato pdf.<\/a><\/p>\n","protected":false},"excerpt":{"rendered":"<p>Revista de educaci\u00f3n n\u00ba 352. Las TIC en la educaci\u00f3n obligatoria: de la teor\u00eda a la pol\u00edtica y la pr\u00e1ctica. Este n\u00famero de la revista consta de seis art\u00edculos basados en distintas investigaciones llevadas a cabo sobre la continuidad\/discontinuidad entre las teor\u00edas, las pol\u00edticas y las pr\u00e1cticas educativas. Se complementa con sus secciones habituales: art\u00edculos [&hellip;]<\/p>\n","protected":false},"author":1,"featured_media":0,"comment_status":"open","ping_status":"open","sticky":false,"template":"","format":"standard","meta":{"footnotes":""},"categories":[17,29,18,28],"tags":[],"class_list":["post-7017","post","type-post","status-publish","format-standard","hentry","category-articulos","category-lecturas","category-tic","category-web20"],"_links":{"self":[{"href":"http:\/\/aula21.net\/aulablog21\/wp-json\/wp\/v2\/posts\/7017","targetHints":{"allow":["GET"]}}],"collection":[{"href":"http:\/\/aula21.net\/aulablog21\/wp-json\/wp\/v2\/posts"}],"about":[{"href":"http:\/\/aula21.net\/aulablog21\/wp-json\/wp\/v2\/types\/post"}],"author":[{"embeddable":true,"href":"http:\/\/aula21.net\/aulablog21\/wp-json\/wp\/v2\/users\/1"}],"replies":[{"embeddable":true,"href":"http:\/\/aula21.net\/aulablog21\/wp-json\/wp\/v2\/comments?post=7017"}],"version-history":[{"count":0,"href":"http:\/\/aula21.net\/aulablog21\/wp-json\/wp\/v2\/posts\/7017\/revisions"}],"wp:attachment":[{"href":"http:\/\/aula21.net\/aulablog21\/wp-json\/wp\/v2\/media?parent=7017"}],"wp:term":[{"taxonomy":"category","embeddable":true,"href":"http:\/\/aula21.net\/aulablog21\/wp-json\/wp\/v2\/categories?post=7017"},{"taxonomy":"post_tag","embeddable":true,"href":"http:\/\/aula21.net\/aulablog21\/wp-json\/wp\/v2\/tags?post=7017"}],"curies":[{"name":"wp","href":"https:\/\/api.w.org\/{rel}","templated":true}]}}