{"id":7036,"date":"2013-07-02T20:35:54","date_gmt":"2013-07-02T19:35:54","guid":{"rendered":"http:\/\/aula21.net\/aulablog21\/?p=7036"},"modified":"2013-07-02T20:38:36","modified_gmt":"2013-07-02T19:38:36","slug":"entrevista-a-macbeath-es-un-mito-que-las-matematicas-ensenen-a-pensar","status":"publish","type":"post","link":"http:\/\/aula21.net\/aulablog21\/archives\/2013\/07\/02\/entrevista-a-macbeath-es-un-mito-que-las-matematicas-ensenen-a-pensar\/","title":{"rendered":"Entrevista a MacBeath: Es un mito que las Matem\u00e1ticas ense\u00f1en a pensar"},"content":{"rendered":"<p style=\"text-align: justify;\"><img loading=\"lazy\" decoding=\"async\" style=\"margin-left: 5px; margin-right: 5px; float: left;\" src=\"http:\/\/www.mediaswk.com\/ES\/img\/6\/4\/4\/4\/im0000786444.jpg\" alt=\"\" width=\"184\" height=\"156\" \/>John MacBeath es profesor em\u00e9rito de la Universidad de Cambridge, director de Liderazgo y Educaci\u00f3n (<a href=\"http:\/\/www.educ.cam.ac.uk\/centres\/lfl\/\" target=\"_blank\">http:\/\/www.educ.cam.ac.uk\/centres\/lfl\/<\/a>) y director de proyectos del Centro para la Educaci\u00f3n de la Commonwealth (<a href=\"http:\/\/www.educ.cam.ac.uk\/centres\/cce\/\" target=\"_blank\">http:\/\/www.educ.cam.ac.uk\/centres\/cce\/<\/a>).<\/p>\n<p style=\"text-align: center;\"><!--adsense--><\/p>\n<p style=\"text-align: justify;\">Estuvo presente en Barcelona para participar en el Debate de Educaci\u00f3n de la Fundaci\u00f3 Jaume Bofill y la UOC <a title=\"enlace\" href=\"http:\/\/www.debats.cat\/ca\/debats\/collaborar-innovar-i-liderar-el-futur-de-la-professio-docent\" target=\"_blank\">Colaborar, innovar y liderar. El futuro de la profesi\u00f3n docente<\/a>. Aprovechando su visita fue entrevistado para la revista <a title=\"Acceder\" href=\"http:\/\/www.cuadernosdepedagogia.com\/content\/Documento.aspx?params=H4sIAAAAAAAEAO29B2AcSZYlJi9tynt\/SvVK1+B0oQiAYBMk2JBAEOzBiM3mkuwdaUcjKasqgcplVmVdZhZAzO2dvPfee++999577733ujudTif33\/8\/XGZkAWz2zkrayZ4hgKrIHz9+fB8\/IorZ7LMXpzv07O49PNi5\/wsv87opquVnezu793Y+3b2HD4rz66fV9M31Kv\/sPCub\/Bfmk6p6G7z3+5v2\/w81MYy3UQAAAA==WKE\" target=\"_blank\">Cuadernos de Pedagog\u00eda<\/a>, os recomiendo <a title=\"Acceder\" href=\"http:\/\/www.cuadernosdepedagogia.com\/content\/Documento.aspx?params=H4sIAAAAAAAEAO29B2AcSZYlJi9tynt\/SvVK1+B0oQiAYBMk2JBAEOzBiM3mkuwdaUcjKasqgcplVmVdZhZAzO2dvPfee++999577733ujudTif33\/8\/XGZkAWz2zkrayZ4hgKrIHz9+fB8\/IorZ7LMXpzv07O49PNi5\/wsv87opquVnezu793Y+3b2HD4rz66fV9M31Kv\/sPCub\/Bfmk6p6G7z3+5v2\/w81MYy3UQAAAA==WKE\" target=\"_blank\">su lectura<\/a>, entre otras perlas dice que es un mito que las Matem\u00e1ticas ense\u00f1en a pensar y que los pol\u00edticos creen que son los que m\u00e1s saben y no escuchan a los expertos.<\/p>\n<p><iframe loading=\"lazy\" src=\"\/\/www.youtube.com\/embed\/maNBoIXpdC0\" frameborder=\"0\" width=\"460\" height=\"315\"><\/iframe><\/p>\n<p><a title=\"Acceder\" href=\"http:\/\/www.cuadernosdepedagogia.com\/content\/Documento.aspx?params=H4sIAAAAAAAEAO29B2AcSZYlJi9tynt\/SvVK1+B0oQiAYBMk2JBAEOzBiM3mkuwdaUcjKasqgcplVmVdZhZAzO2dvPfee++999577733ujudTif33\/8\/XGZkAWz2zkrayZ4hgKrIHz9+fB8\/IorZ7LMXpzv07O49PNi5\/wsv87opquVnezu793Y+3b2HD4rz66fV9M31Kv\/sPCub\/Bfmk6p6G7z3+5v2\/w81MYy3UQAAAA==WKE\" target=\"_blank\">Leer entrevista<\/a><\/p>\n","protected":false},"excerpt":{"rendered":"<p>John MacBeath es profesor em\u00e9rito de la Universidad de Cambridge, director de Liderazgo y Educaci\u00f3n (http:\/\/www.educ.cam.ac.uk\/centres\/lfl\/) y director de proyectos del Centro para la Educaci\u00f3n de la Commonwealth (http:\/\/www.educ.cam.ac.uk\/centres\/cce\/). Estuvo presente en Barcelona para participar en el Debate de Educaci\u00f3n de la Fundaci\u00f3 Jaume Bofill y la UOC Colaborar, innovar y liderar. El futuro de [&hellip;]<\/p>\n","protected":false},"author":1,"featured_media":0,"comment_status":"open","ping_status":"open","sticky":false,"template":"","format":"standard","meta":{"footnotes":""},"categories":[17,19,29],"tags":[],"class_list":["post-7036","post","type-post","status-publish","format-standard","hentry","category-articulos","category-educacion","category-lecturas"],"_links":{"self":[{"href":"http:\/\/aula21.net\/aulablog21\/wp-json\/wp\/v2\/posts\/7036","targetHints":{"allow":["GET"]}}],"collection":[{"href":"http:\/\/aula21.net\/aulablog21\/wp-json\/wp\/v2\/posts"}],"about":[{"href":"http:\/\/aula21.net\/aulablog21\/wp-json\/wp\/v2\/types\/post"}],"author":[{"embeddable":true,"href":"http:\/\/aula21.net\/aulablog21\/wp-json\/wp\/v2\/users\/1"}],"replies":[{"embeddable":true,"href":"http:\/\/aula21.net\/aulablog21\/wp-json\/wp\/v2\/comments?post=7036"}],"version-history":[{"count":0,"href":"http:\/\/aula21.net\/aulablog21\/wp-json\/wp\/v2\/posts\/7036\/revisions"}],"wp:attachment":[{"href":"http:\/\/aula21.net\/aulablog21\/wp-json\/wp\/v2\/media?parent=7036"}],"wp:term":[{"taxonomy":"category","embeddable":true,"href":"http:\/\/aula21.net\/aulablog21\/wp-json\/wp\/v2\/categories?post=7036"},{"taxonomy":"post_tag","embeddable":true,"href":"http:\/\/aula21.net\/aulablog21\/wp-json\/wp\/v2\/tags?post=7036"}],"curies":[{"name":"wp","href":"https:\/\/api.w.org\/{rel}","templated":true}]}}