{"id":7121,"date":"2013-07-21T19:09:42","date_gmt":"2013-07-21T18:09:42","guid":{"rendered":"http:\/\/aula21.net\/aulablog21\/?p=7121"},"modified":"2013-07-21T19:13:50","modified_gmt":"2013-07-21T18:13:50","slug":"monografico-de-educar-realidad-aumentada","status":"publish","type":"post","link":"http:\/\/aula21.net\/aulablog21\/archives\/2013\/07\/21\/monografico-de-educar-realidad-aumentada\/","title":{"rendered":"Monogr\u00e1fico de Educar: Realidad Aumentada"},"content":{"rendered":"<p style=\"text-align: justify;\"><a title=\"Acceder\" href=\"http:\/\/recursos.educ.ar\/aprendizajeabierto\/realidad-aumentada\/\" target=\"_blank\">En el monogr\u00e1fico Realidad Aumentada,<\/a> publicado en el\u00a0 portal educativo argentino <strong>Educ.ar<\/strong>, nos acercan a la realidad aumentada, c\u00f3mo se compone, c\u00f3mo se produce, su vinculaci\u00f3n con la educaci\u00f3n y c\u00f3mo se puede incluir dentro de las propuestas did\u00e1cticas.<\/p>\n<p style=\"text-align: center;\"><!--adsense--><\/p>\n<p style=\"text-align: justify;\">El asesor de contenidos es <strong><a title=\"Acceder\" href=\"http:\/\/www.pablobongiovanni.com\/\" target=\"_blank\">Pablo Bongiovanni<\/a>, p<\/strong>rofesor en Ciencias de la Educaci\u00f3n, especializado en Tecnolog\u00edas de la Informaci\u00f3n y la Comunicaci\u00f3n.<\/p>\n<p><a title=\"Acceder\" href=\"http:\/\/recursos.educ.ar\/aprendizajeabierto\/realidad-aumentada\/\" target=\"_blank\"><img loading=\"lazy\" decoding=\"async\" class=\"size-full wp-image-7122 aligncenter\" title=\"2425.QRCodeScene.jpg-350x0\" src=\"http:\/\/aula21.net\/aulablog21\/wp-content\/uploads\/2013\/07\/2425.QRCodeScene.jpg-350x0.jpeg\" alt=\"\" width=\"349\" height=\"273\" srcset=\"http:\/\/aula21.net\/aulablog21\/wp-content\/uploads\/2013\/07\/2425.QRCodeScene.jpg-350x0.jpeg 349w, http:\/\/aula21.net\/aulablog21\/wp-content\/uploads\/2013\/07\/2425.QRCodeScene.jpg-350x0-300x235.jpeg 300w\" sizes=\"auto, (max-width: 349px) 100vw, 349px\" \/><\/a><\/p>\n<p style=\"text-align: center;\"><a title=\"Acceder\" href=\"http:\/\/recursos.educ.ar\/aprendizajeabierto\/realidad-aumentada\/\" target=\"_blank\">Acceder al monogr\u00e1fico<\/a><\/p>\n","protected":false},"excerpt":{"rendered":"<p>En el monogr\u00e1fico Realidad Aumentada, publicado en el\u00a0 portal educativo argentino Educ.ar, nos acercan a la realidad aumentada, c\u00f3mo se compone, c\u00f3mo se produce, su vinculaci\u00f3n con la educaci\u00f3n y c\u00f3mo se puede incluir dentro de las propuestas did\u00e1cticas. El asesor de contenidos es Pablo Bongiovanni, profesor en Ciencias de la Educaci\u00f3n, especializado en Tecnolog\u00edas [&hellip;]<\/p>\n","protected":false},"author":1,"featured_media":0,"comment_status":"open","ping_status":"open","sticky":false,"template":"","format":"standard","meta":{"footnotes":""},"categories":[8,14,28],"tags":[],"class_list":["post-7121","post","type-post","status-publish","format-standard","hentry","category-educacion_e_internet","category-recursos-variados","category-web20"],"_links":{"self":[{"href":"http:\/\/aula21.net\/aulablog21\/wp-json\/wp\/v2\/posts\/7121","targetHints":{"allow":["GET"]}}],"collection":[{"href":"http:\/\/aula21.net\/aulablog21\/wp-json\/wp\/v2\/posts"}],"about":[{"href":"http:\/\/aula21.net\/aulablog21\/wp-json\/wp\/v2\/types\/post"}],"author":[{"embeddable":true,"href":"http:\/\/aula21.net\/aulablog21\/wp-json\/wp\/v2\/users\/1"}],"replies":[{"embeddable":true,"href":"http:\/\/aula21.net\/aulablog21\/wp-json\/wp\/v2\/comments?post=7121"}],"version-history":[{"count":0,"href":"http:\/\/aula21.net\/aulablog21\/wp-json\/wp\/v2\/posts\/7121\/revisions"}],"wp:attachment":[{"href":"http:\/\/aula21.net\/aulablog21\/wp-json\/wp\/v2\/media?parent=7121"}],"wp:term":[{"taxonomy":"category","embeddable":true,"href":"http:\/\/aula21.net\/aulablog21\/wp-json\/wp\/v2\/categories?post=7121"},{"taxonomy":"post_tag","embeddable":true,"href":"http:\/\/aula21.net\/aulablog21\/wp-json\/wp\/v2\/tags?post=7121"}],"curies":[{"name":"wp","href":"https:\/\/api.w.org\/{rel}","templated":true}]}}