{"id":7158,"date":"2013-08-20T11:30:20","date_gmt":"2013-08-20T10:30:20","guid":{"rendered":"http:\/\/aula21.net\/aulablog21\/?p=7158"},"modified":"2013-08-20T11:36:09","modified_gmt":"2013-08-20T10:36:09","slug":"premios-nacionales-de-educacion-en-la-ensenanza-no-universitaria-correspondientes-al-ano-2013","status":"publish","type":"post","link":"http:\/\/aula21.net\/aulablog21\/archives\/2013\/08\/20\/premios-nacionales-de-educacion-en-la-ensenanza-no-universitaria-correspondientes-al-ano-2013\/","title":{"rendered":"Premios Nacionales de Educaci\u00f3n en la ense\u00f1anza no universitaria 2013"},"content":{"rendered":"<p style=\"text-align: center;\"><!--adsense--><\/p>\n<p style=\"text-align: justify;\"><a href=\"http:\/\/aula21.net\/aulablog21\/wp-content\/uploads\/2013\/08\/oremiosinted2013.jpg\"><img loading=\"lazy\" decoding=\"async\" class=\"alignleft size-full wp-image-7161\" style=\"margin: 3px 7px;\" title=\"oremiosinted2013\" src=\"http:\/\/aula21.net\/aulablog21\/wp-content\/uploads\/2013\/08\/oremiosinted2013.jpg\" alt=\"\" width=\"235\" height=\"215\" \/><\/a>Se ha publicado en el <a title=\"BOE - Se abre en nueva ventana\" href=\"http:\/\/www.boe.es\/boe\/dias\/2013\/08\/20\/pdfs\/BOE-A-2013-9071.pdf\" target=\"_blank\">BOE de 20 de agosto<\/a> la convocatoria de Premios Nacionales de Educaci\u00f3n en la ense\u00f1anza no universitaria correspondientes al a\u00f1o 2013. Esta convocatoria est\u00e1 dirigida a los centros docentes, a los investigadores, a las entidades, a los equipos docentes y al alumnado que participen en proyectos y actividades que mejoren la calidad educativa, en el \u00e1mbito de la ense\u00f1anza no universitaria.<\/p>\n<p style=\"text-align: justify;\">El <a title=\"Acceder\" href=\"http:\/\/www.ite.educacion.es\/es\/intef\" target=\"_blank\">Instituto Nacional de Tecnolog\u00edas Educativas y de Formaci\u00f3n del Profesorado <\/a>gestiona la categor\u00eda 4 \u201cPremios Nacionales de Educaci\u00f3n a los equipos docentes\u201d. El objeto de estos premios es el reconocimiento al trabajo realizado por los equipos docentes de los centros educativos en las siguientes \u00e1reas:<\/p>\n<p><strong>Premios Nacionales a la utilizaci\u00f3n de las Tecnolog\u00edas de la Informaci\u00f3n y la Comunicaci\u00f3n (TIC) en la docencia<\/strong>.<\/p>\n<p style=\"text-align: justify;\">Se tienen que dise\u00f1ar proyectos educativos y producir recursos vinculados a las TIC para su aplicaci\u00f3n en la actividad docente. Los proyectos describir\u00e1n en qu\u00e9 consiste el uso de las TIC en la educaci\u00f3n que se imparte en el aula, al objeto de optimizar el proceso docente. As\u00ed mismo deber\u00e1n indicar el material inform\u00e1tico y equipo utilizados para ello. Se valorar\u00e1 especialmente que estos materiales hayan sido incluidos en el <a title=\"Agrega - Recursos educativos abiertos. Se abre en nueva ventana\" href=\"http:\/\/agrega.educacion.es\/visualizadorcontenidos2\/Portada\/Portada.do;jsessionid=5413CBDBD878709B8321B65802FE0867\" target=\"_blank\">espacio de recursos educativos abiertos <\/a>del INTEF. Los proyectos deben haberse desarrollado total o parcialmente durante el curso 2012-2013.<\/p>\n<p><strong>Premios Nacionales a la colaboraci\u00f3n en el \u00e1mbito de las TIC<\/strong>.<\/p>\n<p style=\"text-align: justify;\">Se pondr\u00e1n en pr\u00e1ctica proyectos conjuntos en el \u00e1mbito de las TIC entre equipos docentes de distintos centros espa\u00f1oles.\u00a0Los proyectos describir\u00e1n el uso de las TIC en el \u00e1mbito de la innovaci\u00f3n pedag\u00f3gica; en qu\u00e9 consiste la colaboraci\u00f3n entre los centros asociados; y los resultados y beneficios obtenidos con el desarrollo de la iniciativa. Deben haberse desarrollado total o parcialmente durante el curso 2012-2013.<\/p>\n<p>El plazo de presentaci\u00f3n de las solicitudes ser\u00e1 de 30 d\u00edas h\u00e1biles, a partir del siguiente a la publicaci\u00f3n de la convocatoria en el BOE.<\/p>\n<p><strong>Otras categor\u00edas<br \/>\n<\/strong><\/p>\n<ul>\n<li>Premios Nacionales de Educaci\u00f3n para centros docentes.<\/li>\n<li>Premios Nacionales de Educaci\u00f3n a la carrera acad\u00e9mica de investigaci\u00f3n e innovaci\u00f3n educativa.<\/li>\n<li>Premios Nacionales de Educaci\u00f3n a proyectos de entidades para la promoci\u00f3n educativa.<\/li>\n<li>Premios Nacionales de Educaci\u00f3n al rendimiento acad\u00e9mico del alumnado.<\/li>\n<\/ul>\n<p>Toda la informaci\u00f3n est\u00e1 disponible en la <a title=\"BOE. Se abre en nueva ventana\" href=\"http:\/\/www.boe.es\/boe\/dias\/2013\/08\/20\/pdfs\/BOE-A-2013-9071.pdf\" target=\"_blank\">resoluci\u00f3n publicada en el BOE<\/a> y pr\u00f3ximamente en la <a title=\"Web del MECD. Se abre en nueva ventana\" href=\"http:\/\/www.mecd.gob.es\/servicios-al-ciudadano-mecd\/catalogo-servicios\/becas-ayudas-subvenciones\/premios.html\" target=\"_blank\">web del Ministerio de Educaci\u00f3n, Cultura y Deporte<\/a>.<\/p>\n<p>Fuente: <a title=\"Acceder\" href=\"http:\/\/blog.educalab.es\/intef\/\" target=\"_blank\">Blog del INTEF<\/a><\/p>\n<p>&nbsp;<\/p>\n<p>&nbsp;<\/p>\n","protected":false},"excerpt":{"rendered":"<p>Se ha publicado en el BOE de 20 de agosto la convocatoria de Premios Nacionales de Educaci\u00f3n en la ense\u00f1anza no universitaria correspondientes al a\u00f1o 2013. Esta convocatoria est\u00e1 dirigida a los centros docentes, a los investigadores, a las entidades, a los equipos docentes y al alumnado que participen en proyectos y actividades que mejoren [&hellip;]<\/p>\n","protected":false},"author":1,"featured_media":0,"comment_status":"open","ping_status":"open","sticky":false,"template":"","format":"standard","meta":{"footnotes":""},"categories":[8,25],"tags":[],"class_list":["post-7158","post","type-post","status-publish","format-standard","hentry","category-educacion_e_internet","category-eventos"],"_links":{"self":[{"href":"http:\/\/aula21.net\/aulablog21\/wp-json\/wp\/v2\/posts\/7158","targetHints":{"allow":["GET"]}}],"collection":[{"href":"http:\/\/aula21.net\/aulablog21\/wp-json\/wp\/v2\/posts"}],"about":[{"href":"http:\/\/aula21.net\/aulablog21\/wp-json\/wp\/v2\/types\/post"}],"author":[{"embeddable":true,"href":"http:\/\/aula21.net\/aulablog21\/wp-json\/wp\/v2\/users\/1"}],"replies":[{"embeddable":true,"href":"http:\/\/aula21.net\/aulablog21\/wp-json\/wp\/v2\/comments?post=7158"}],"version-history":[{"count":0,"href":"http:\/\/aula21.net\/aulablog21\/wp-json\/wp\/v2\/posts\/7158\/revisions"}],"wp:attachment":[{"href":"http:\/\/aula21.net\/aulablog21\/wp-json\/wp\/v2\/media?parent=7158"}],"wp:term":[{"taxonomy":"category","embeddable":true,"href":"http:\/\/aula21.net\/aulablog21\/wp-json\/wp\/v2\/categories?post=7158"},{"taxonomy":"post_tag","embeddable":true,"href":"http:\/\/aula21.net\/aulablog21\/wp-json\/wp\/v2\/tags?post=7158"}],"curies":[{"name":"wp","href":"https:\/\/api.w.org\/{rel}","templated":true}]}}