{"id":7167,"date":"2013-08-31T13:59:12","date_gmt":"2013-08-31T12:59:12","guid":{"rendered":"http:\/\/aula21.net\/aulablog21\/?p=7167"},"modified":"2013-08-31T14:00:32","modified_gmt":"2013-08-31T13:00:32","slug":"educacion-conectada-la-escuela-en-tiempos-de-redes","status":"publish","type":"post","link":"http:\/\/aula21.net\/aulablog21\/archives\/2013\/08\/31\/educacion-conectada-la-escuela-en-tiempos-de-redes\/","title":{"rendered":"Educaci\u00f3n conectada: la escuela en tiempos de redes"},"content":{"rendered":"<p><a title=\"Acceder\" href=\"http:\/\/es.slideshare.net\/educacionlab\/educacion-conectada-pdf-posts\" target=\"_blank\">Documento en formato pdf<\/a> que recoge los art\u00edculos escritos por los ponentes del curso del INTEF <a title=\"Acceder\" href=\"http:\/\/blog.educalab.es\/intef\/2013\/06\/04\/educacion-conectada-la-escuela-en-tiempos-de-redes\/\" target=\"_blank\">Educaci\u00f3n conectada: la escuela en tiempos de redes<\/a> a modo de introducci\u00f3n a sus sesiones.<\/p>\n<p style=\"text-align: center;\"><!--adsense--><\/p>\n<p>Constituyen un breve recorrido por cuatro de los principales \u00e1mbitos relacionados con la educaci\u00f3n donde el impacto de Internet y de la redes sociales est\u00e1 siendo m\u00e1s importante y transformador:<\/p>\n<p>1. el aprendizaje en red y en la Red;<br \/>\n2. el aprender a vivir y convivir en la red y con las redes;<br \/>\n3. el trabajo en red y el desarrollo de competencias claves para el siglo XXI; y por \u00faltimo,<br \/>\n4. la transformaci\u00f3n producida por la Red y las redes en el \u00e1mbito de la comunicaci\u00f3n educativa.<br \/>\n<iframe loading=\"lazy\" src=\"http:\/\/www.slideshare.net\/slideshow\/embed_code\/25752696\" width=\"479\" height=\"511\" frameborder=\"0\" marginwidth=\"0\" marginheight=\"0\" scrolling=\"no\" style=\"border:1px solid #CCC;border-width:1px 1px 0;margin-bottom:5px\" allowfullscreen webkitallowfullscreen mozallowfullscreen> <\/iframe> <\/p>\n<div style=\"margin-bottom:5px\"> <strong> <a href=\"https:\/\/es.slideshare.net\/educacionlab\/educacion-conectada-pdf-posts\" title=\"Educacion conectada: La escuela en tiempos de redes.\" target=\"_blank\">Educacion conectada: La escuela en tiempos de redes.<\/a> <\/strong> from <strong><a href=\"http:\/\/www.slideshare.net\/educacionlab\" target=\"_blank\">educacionlab<\/a><\/strong> <\/div>\n","protected":false},"excerpt":{"rendered":"<p>Documento en formato pdf que recoge los art\u00edculos escritos por los ponentes del curso del INTEF Educaci\u00f3n conectada: la escuela en tiempos de redes a modo de introducci\u00f3n a sus sesiones. Constituyen un breve recorrido por cuatro de los principales \u00e1mbitos relacionados con la educaci\u00f3n donde el impacto de Internet y de la redes sociales [&hellip;]<\/p>\n","protected":false},"author":1,"featured_media":0,"comment_status":"open","ping_status":"open","sticky":false,"template":"","format":"standard","meta":{"footnotes":""},"categories":[17,19,8,29,18],"tags":[],"class_list":["post-7167","post","type-post","status-publish","format-standard","hentry","category-articulos","category-educacion","category-educacion_e_internet","category-lecturas","category-tic"],"_links":{"self":[{"href":"http:\/\/aula21.net\/aulablog21\/wp-json\/wp\/v2\/posts\/7167","targetHints":{"allow":["GET"]}}],"collection":[{"href":"http:\/\/aula21.net\/aulablog21\/wp-json\/wp\/v2\/posts"}],"about":[{"href":"http:\/\/aula21.net\/aulablog21\/wp-json\/wp\/v2\/types\/post"}],"author":[{"embeddable":true,"href":"http:\/\/aula21.net\/aulablog21\/wp-json\/wp\/v2\/users\/1"}],"replies":[{"embeddable":true,"href":"http:\/\/aula21.net\/aulablog21\/wp-json\/wp\/v2\/comments?post=7167"}],"version-history":[{"count":0,"href":"http:\/\/aula21.net\/aulablog21\/wp-json\/wp\/v2\/posts\/7167\/revisions"}],"wp:attachment":[{"href":"http:\/\/aula21.net\/aulablog21\/wp-json\/wp\/v2\/media?parent=7167"}],"wp:term":[{"taxonomy":"category","embeddable":true,"href":"http:\/\/aula21.net\/aulablog21\/wp-json\/wp\/v2\/categories?post=7167"},{"taxonomy":"post_tag","embeddable":true,"href":"http:\/\/aula21.net\/aulablog21\/wp-json\/wp\/v2\/tags?post=7167"}],"curies":[{"name":"wp","href":"https:\/\/api.w.org\/{rel}","templated":true}]}}