{"id":717,"date":"2006-03-04T13:34:01","date_gmt":"2006-03-04T12:34:01","guid":{"rendered":"http:\/\/127.0.0.1\/wordpress2\/index.php\/archives\/2006\/03\/04\/fichas-de-redes\/"},"modified":"2006-03-04T15:45:49","modified_gmt":"2006-03-04T14:45:49","slug":"fichas-de-redes","status":"publish","type":"post","link":"http:\/\/aula21.net\/aulablog21\/archives\/2006\/03\/04\/fichas-de-redes\/","title":{"rendered":"Fichas de Red.es"},"content":{"rendered":"<p>El programa <a href=\"http:\/\/www.internetenelaula.es\/portal\/c\/portal\/layout?p_l_id=55.1\">Internet en el aula<\/a>\u00a0en el que participan diversos ministerios en colaboraci\u00f3n con las comunidades aut\u00f3nomas <a href=\"http:\/\/www.internetenelaula.es\/portal\/c\/portal\/layout?p_l_id=55.6\">tiene los siguientes objetivos<\/a>.<br \/>Hay algunos centros en plan experimental en nuestro pais y en uno de ellos he podido ver una serie de una serie de fichas de apoyo para profundizar en el trabajo con algunas de las herramientas que en el momento actual tienen las TIC.<br \/>Con gran satisfacci\u00f3n veo como han usado muchas de las ideas y materiales de mi web y yo sin enterarme&#8230;.<br \/>A modo de ejemplo <a href=\"\/cazas\/cazatesoros.pdf\">podeis ver esta ficha llamada Caza de Tesoros<\/a>.<\/p>\n<p>Proximamente se <a href=\"http:\/\/iessapostol.juntaextremadura.net\/blogs\/index.php?blog=1&#038;title=extremadura_albergara_un_centro_nacional&#038;more=1&#038;c=1&#038;tb=1&#038;pb=1\">abrir\u00e1 en Almendralejo un Centro Nacional de Nuevas Tecnolog\u00edas<\/a>, \u00a1 co\u00f1o vaya casualidad d\u00f3nde vivimos <a href=\"http:\/\/www.extremaduraclasica.com\/bitacora\/\">Carlos <\/a>y\u00a0yo !. Ruego a sus responsables me indiquen donde he de echar mi curriculum vitae para poder optar a una de las plazas donde se hacen fichitas de esas. <br \/>Realmente me gustar\u00eda poder dedicarme a esto de las TIC en el aula pero de 8 a 3 de la tarde no a costa de emplear buena parte de mi tiempo libre, pero por otra parte me digo:<\/p>\n<p>&#8211; \u00bf pero Paco si nadie te obliga a ello por qu\u00e9 te quejas?<\/p>\n<p>&#8211; ya co\u00f1o pero\u00a0a nadie le amarga un dulce y si pudiera dedicarme a esto a full time podr\u00eda desarrollar muchas ideas\u00a0que creo beneficiar\u00edan a un mont\u00f3n de profes y alumnos, por desgrac\u00eda no lo hago por falta de tiempo. <br \/>\u00bf Os imagina\u00eds un departamento del nuevo centro\u00a0integrado por gente como <a href=\"http:\/\/www.adelat.org\/\">Anibal<\/a>, <a href=\"http:\/\/fresno.cnice.mecd.es\/~avaler3\/\">Alejandro<\/a>, <a href=\"http:\/\/www.orientaeduc.com\/\">Luis<\/a>, <a href=\"http:\/\/www.extremaduraclasica.com\/bitacora\/\">Carlos<\/a>,\u00a0<a href=\"http:\/\/www.auladeletras.net\/blog\/\">Jose Mar\u00eda<\/a>, <a href=\"http:\/\/web.educastur.princast.es\/proyectos\/biogeo_ov\/\">Jose Luis<\/a>, <a href=\"http:\/\/www.juntadeandalucia.es\/averroes\/manuales\/jornadas2005\/\">Lourdes\u00a0<\/a>y tantos otros? so\u00f1ar cuesta poco&#8230;<\/p>\n","protected":false},"excerpt":{"rendered":"<p>El programa Internet en el aula\u00a0en el que participan diversos ministerios en colaboraci\u00f3n con las comunidades aut\u00f3nomas tiene los siguientes objetivos.Hay algunos centros en plan experimental en nuestro pais y en uno de ellos he podido ver una serie de una serie de fichas de apoyo para profundizar en el trabajo con algunas de las [&hellip;]<\/p>\n","protected":false},"author":1,"featured_media":0,"comment_status":"open","ping_status":"open","sticky":false,"template":"","format":"standard","meta":{"footnotes":""},"categories":[8,7],"tags":[],"class_list":["post-717","post","type-post","status-publish","format-standard","hentry","category-educacion_e_internet","category-personal"],"_links":{"self":[{"href":"http:\/\/aula21.net\/aulablog21\/wp-json\/wp\/v2\/posts\/717","targetHints":{"allow":["GET"]}}],"collection":[{"href":"http:\/\/aula21.net\/aulablog21\/wp-json\/wp\/v2\/posts"}],"about":[{"href":"http:\/\/aula21.net\/aulablog21\/wp-json\/wp\/v2\/types\/post"}],"author":[{"embeddable":true,"href":"http:\/\/aula21.net\/aulablog21\/wp-json\/wp\/v2\/users\/1"}],"replies":[{"embeddable":true,"href":"http:\/\/aula21.net\/aulablog21\/wp-json\/wp\/v2\/comments?post=717"}],"version-history":[{"count":0,"href":"http:\/\/aula21.net\/aulablog21\/wp-json\/wp\/v2\/posts\/717\/revisions"}],"wp:attachment":[{"href":"http:\/\/aula21.net\/aulablog21\/wp-json\/wp\/v2\/media?parent=717"}],"wp:term":[{"taxonomy":"category","embeddable":true,"href":"http:\/\/aula21.net\/aulablog21\/wp-json\/wp\/v2\/categories?post=717"},{"taxonomy":"post_tag","embeddable":true,"href":"http:\/\/aula21.net\/aulablog21\/wp-json\/wp\/v2\/tags?post=717"}],"curies":[{"name":"wp","href":"https:\/\/api.w.org\/{rel}","templated":true}]}}