{"id":721,"date":"2006-03-05T01:23:13","date_gmt":"2006-03-05T00:23:13","guid":{"rendered":"http:\/\/127.0.0.1\/wordpress2\/index.php\/archives\/2006\/03\/05\/moderse-la-lengua\/"},"modified":"2006-03-05T23:17:49","modified_gmt":"2006-03-05T22:17:49","slug":"moderse-la-lengua","status":"publish","type":"post","link":"http:\/\/aula21.net\/aulablog21\/archives\/2006\/03\/05\/moderse-la-lengua\/","title":{"rendered":"Morderse la lengua"},"content":{"rendered":"<p><img loading=\"lazy\" decoding=\"async\" style=\"WIDTH: 470px; HEIGHT: 244px\" height=\"244\" hspace=\"0\" src=\"http:\/\/cvc.cervantes.es\/actcult\/morderse_lengua\/expo\/imagenes\/mundo_08.jpg\" width=\"470\" align=\"baseline\" border=\"0\" \/><\/p>\n<p>El Centro Virtual Cervantes ha lanzado el sitio &quot;<a href=\"http:\/\/cvc.cervantes.es\/actcult\/morderse_lengua\/\">Morderse la lengua<\/a>&quot; que recoge de una manera divertida e innovadora errores cometidos en medios de comunicaci\u00f3n. Est\u00e1 basado en la secci\u00f3n <a href=\"http:\/\/cvc.cervantes.es\/alhabla\/museo_horrores\/\"><em>El museo de los horrores<\/em><\/a> del programa\u00a0<a href=\"http:\/\/cvc.cervantes.es\/alhabla\/default.htm\"><em>Al Habla<\/em><\/a> que durante siete temporadas emiti\u00f3 TV2. No dejes de visitarlo, te vas a reir un mont\u00f3n.<br \/><strong>Propuesta did\u00e1ctica:<\/strong> los alumnos <a href=\"http:\/\/www.buenosenlaces.com\/prensa.htm\">visitaran peri\u00f3dicos online<\/a> en busca de errores los cuales ser\u00e1n publicados en el blog que abrir\u00e1n al efecto. Incluso podriamos convocar un concurso a nivel de todo el centro con premios atractivos.<\/p>\n<p><img loading=\"lazy\" decoding=\"async\" height=\"224\" hspace=\"0\" src=\"http:\/\/cvc.cervantes.es\/actcult\/morderse_lengua\/expo\/imagenes\/anuncios_03.jpg\" width=\"479\" align=\"baseline\" border=\"0\" \/><\/p>\n<p \/>\n","protected":false},"excerpt":{"rendered":"<p>El Centro Virtual Cervantes ha lanzado el sitio &quot;Morderse la lengua&quot; que recoge de una manera divertida e innovadora errores cometidos en medios de comunicaci\u00f3n. Est\u00e1 basado en la secci\u00f3n El museo de los horrores del programa\u00a0Al Habla que durante siete temporadas emiti\u00f3 TV2. No dejes de visitarlo, te vas a reir un mont\u00f3n.Propuesta did\u00e1ctica: [&hellip;]<\/p>\n","protected":false},"author":1,"featured_media":0,"comment_status":"open","ping_status":"open","sticky":false,"template":"","format":"standard","meta":{"footnotes":""},"categories":[1,2],"tags":[],"class_list":["post-721","post","type-post","status-publish","format-standard","hentry","category-miscelanea","category-weblogs_en_el_aula"],"_links":{"self":[{"href":"http:\/\/aula21.net\/aulablog21\/wp-json\/wp\/v2\/posts\/721","targetHints":{"allow":["GET"]}}],"collection":[{"href":"http:\/\/aula21.net\/aulablog21\/wp-json\/wp\/v2\/posts"}],"about":[{"href":"http:\/\/aula21.net\/aulablog21\/wp-json\/wp\/v2\/types\/post"}],"author":[{"embeddable":true,"href":"http:\/\/aula21.net\/aulablog21\/wp-json\/wp\/v2\/users\/1"}],"replies":[{"embeddable":true,"href":"http:\/\/aula21.net\/aulablog21\/wp-json\/wp\/v2\/comments?post=721"}],"version-history":[{"count":0,"href":"http:\/\/aula21.net\/aulablog21\/wp-json\/wp\/v2\/posts\/721\/revisions"}],"wp:attachment":[{"href":"http:\/\/aula21.net\/aulablog21\/wp-json\/wp\/v2\/media?parent=721"}],"wp:term":[{"taxonomy":"category","embeddable":true,"href":"http:\/\/aula21.net\/aulablog21\/wp-json\/wp\/v2\/categories?post=721"},{"taxonomy":"post_tag","embeddable":true,"href":"http:\/\/aula21.net\/aulablog21\/wp-json\/wp\/v2\/tags?post=721"}],"curies":[{"name":"wp","href":"https:\/\/api.w.org\/{rel}","templated":true}]}}