{"id":7216,"date":"2013-09-27T07:33:53","date_gmt":"2013-09-27T06:33:53","guid":{"rendered":"http:\/\/aula21.net\/aulablog21\/?p=7216"},"modified":"2013-09-27T07:53:34","modified_gmt":"2013-09-27T06:53:34","slug":"libro-digital-gratis-del-dr-pere-marques-tecnicas-didacticas-con-tic","status":"publish","type":"post","link":"http:\/\/aula21.net\/aulablog21\/archives\/2013\/09\/27\/libro-digital-gratis-del-dr-pere-marques-tecnicas-didacticas-con-tic\/","title":{"rendered":"Libro digital gratis del Dr. Pere Marqu\u00e9s: T\u00c9CNICAS DID\u00c1CTICAS CON TIC."},"content":{"rendered":"<p style=\"text-align: center;\"><!--adsense--><\/p>\n<p><strong><a href=\"http:\/\/peremarques.net\/tecnicasdidacticascontic2013.htm\" target=\"_blank\">Libro digital gratis: \u00abT\u00c9CNICAS DID\u00c1CTICAS CON TIC\u00bb<\/a><\/strong>. S\u00edntesis y v\u00eddeos del <a title=\"Acceder\" href=\"http:\/\/peremarques.net\/\" target=\"_blank\">Dr. Pere Marqu\u00e8s<\/a> sobre TIC y Educaci\u00f3n.<\/p>\n<p style=\"text-align: center;\"><a title=\"Acceder\" href=\"http:\/\/peremarques.net\/tecnicasdidacticascontic2013.htm\" target=\"_blank\"><img loading=\"lazy\" decoding=\"async\" class=\"aligncenter  wp-image-7217\" title=\"Captura de pantalla 2013-09-27 a la(s) 08.31.22\" src=\"http:\/\/aula21.net\/aulablog21\/wp-content\/uploads\/2013\/09\/Captura-de-pantalla-2013-09-27-a-las-08.31.22.png\" alt=\"\" width=\"478\" height=\"276\" srcset=\"http:\/\/aula21.net\/aulablog21\/wp-content\/uploads\/2013\/09\/Captura-de-pantalla-2013-09-27-a-las-08.31.22.png 1043w, http:\/\/aula21.net\/aulablog21\/wp-content\/uploads\/2013\/09\/Captura-de-pantalla-2013-09-27-a-las-08.31.22-300x173.png 300w, http:\/\/aula21.net\/aulablog21\/wp-content\/uploads\/2013\/09\/Captura-de-pantalla-2013-09-27-a-las-08.31.22-768x444.png 768w, http:\/\/aula21.net\/aulablog21\/wp-content\/uploads\/2013\/09\/Captura-de-pantalla-2013-09-27-a-las-08.31.22-1024x592.png 1024w\" sizes=\"auto, (max-width: 478px) 100vw, 478px\" \/><\/a><\/p>\n","protected":false},"excerpt":{"rendered":"<p>Libro digital gratis: \u00abT\u00c9CNICAS DID\u00c1CTICAS CON TIC\u00bb. S\u00edntesis y v\u00eddeos del Dr. Pere Marqu\u00e8s sobre TIC y Educaci\u00f3n.<\/p>\n","protected":false},"author":1,"featured_media":0,"comment_status":"open","ping_status":"open","sticky":false,"template":"","format":"standard","meta":{"footnotes":""},"categories":[8,38,29],"tags":[],"class_list":["post-7216","post","type-post","status-publish","format-standard","hentry","category-educacion_e_internet","category-formacion","category-lecturas"],"_links":{"self":[{"href":"http:\/\/aula21.net\/aulablog21\/wp-json\/wp\/v2\/posts\/7216","targetHints":{"allow":["GET"]}}],"collection":[{"href":"http:\/\/aula21.net\/aulablog21\/wp-json\/wp\/v2\/posts"}],"about":[{"href":"http:\/\/aula21.net\/aulablog21\/wp-json\/wp\/v2\/types\/post"}],"author":[{"embeddable":true,"href":"http:\/\/aula21.net\/aulablog21\/wp-json\/wp\/v2\/users\/1"}],"replies":[{"embeddable":true,"href":"http:\/\/aula21.net\/aulablog21\/wp-json\/wp\/v2\/comments?post=7216"}],"version-history":[{"count":0,"href":"http:\/\/aula21.net\/aulablog21\/wp-json\/wp\/v2\/posts\/7216\/revisions"}],"wp:attachment":[{"href":"http:\/\/aula21.net\/aulablog21\/wp-json\/wp\/v2\/media?parent=7216"}],"wp:term":[{"taxonomy":"category","embeddable":true,"href":"http:\/\/aula21.net\/aulablog21\/wp-json\/wp\/v2\/categories?post=7216"},{"taxonomy":"post_tag","embeddable":true,"href":"http:\/\/aula21.net\/aulablog21\/wp-json\/wp\/v2\/tags?post=7216"}],"curies":[{"name":"wp","href":"https:\/\/api.w.org\/{rel}","templated":true}]}}