{"id":7275,"date":"2013-11-01T22:06:02","date_gmt":"2013-11-01T21:06:02","guid":{"rendered":"http:\/\/aula21.net\/aulablog21\/?p=7275"},"modified":"2013-12-02T16:23:12","modified_gmt":"2013-12-02T15:23:12","slug":"no-1-de-la-revista-digital-gratuita-entera2-0","status":"publish","type":"post","link":"http:\/\/aula21.net\/aulablog21\/archives\/2013\/11\/01\/no-1-de-la-revista-digital-gratuita-entera2-0\/","title":{"rendered":"N\u00ba 1 de la Revista Digital gratuita \u00abEntera 2.0\u00bb"},"content":{"rendered":"<p style=\"text-align: center;\"><!--adsense--><\/p>\n<p><a href=\"http:\/\/aula21.net\/aulablog21\/wp-content\/uploads\/2013\/11\/Captura-de-pantalla-2013-11-01-a-las-22.04.17.png\"><img loading=\"lazy\" decoding=\"async\" class=\"size-full wp-image-7276 alignleft\" style=\"margin: 4px 22px; border: 1px solid black;\" alt=\"Captura de pantalla 2013-11-01 a la(s) 22.04.17\" src=\"http:\/\/aula21.net\/aulablog21\/wp-content\/uploads\/2013\/11\/Captura-de-pantalla-2013-11-01-a-las-22.04.17.png\" width=\"219\" height=\"74\" \/><\/a>Ha nacido <strong>\u00abentera2.0\u00bb<\/strong>\u00a0 una <a title=\"Acceder\" href=\"http:\/\/ciberespiral.org\/enterados\/\" target=\"_blank\"><strong>nueva revista digital gratuita<\/strong><\/a>, se trata de una nueva iniciativa de la <strong>Asociaci\u00f3n Espiral<\/strong>.<br \/>\n\u00ab<em>Es un proyecto que nace de la colaboraci\u00f3n de diferentes \u00e1reas de trabajo de Espiral,especialmente el \u00e1rea de publicaciones y el \u00e1rea de <strong>inclusi\u00f3n y TIC<\/strong>, con el objetivo de impulsar el uso did\u00e1ctico de las TIC para favorecer el desarrollo pleno de las personas, incluso de aquellas con unas necesidades educativas especiales, en el marco de una escuela inclusiva y de calidad\u00bb.<\/em><\/p>\n<p style=\"text-align: left;\">\u00a0En ella nos ofrecen, entre otros interesantes contenidos:<\/p>\n<ul>\n<li style=\"text-align: left;\">Entrevistas<\/li>\n<li style=\"text-align: left;\">Experiencias educativas<\/li>\n<li style=\"text-align: left;\">Experiencias con familias<\/li>\n<li style=\"text-align: left;\">Experiencias con asociaciones<\/li>\n<li style=\"text-align: left;\">Herramientas<\/li>\n<\/ul>\n<p>Podemos <a title=\"Acceder\" href=\"http:\/\/ciberespiral.org\/enterados\/wp-content\/uploads\/2013\/09\/SUMARIO.pdf\" target=\"_blank\">descargarla en formato pdf<\/a>.<\/p>\n","protected":false},"excerpt":{"rendered":"<p>Ha nacido \u00abentera2.0\u00bb\u00a0 una nueva revista digital gratuita, se trata de una nueva iniciativa de la Asociaci\u00f3n Espiral. \u00abEs un proyecto que nace de la colaboraci\u00f3n de diferentes \u00e1reas de trabajo de Espiral,especialmente el \u00e1rea de publicaciones y el \u00e1rea de inclusi\u00f3n y TIC, con el objetivo de impulsar el uso did\u00e1ctico de las TIC [&hellip;]<\/p>\n","protected":false},"author":1,"featured_media":0,"comment_status":"open","ping_status":"open","sticky":false,"template":"","format":"standard","meta":{"footnotes":""},"categories":[8,29],"tags":[],"class_list":["post-7275","post","type-post","status-publish","format-standard","hentry","category-educacion_e_internet","category-lecturas"],"_links":{"self":[{"href":"http:\/\/aula21.net\/aulablog21\/wp-json\/wp\/v2\/posts\/7275","targetHints":{"allow":["GET"]}}],"collection":[{"href":"http:\/\/aula21.net\/aulablog21\/wp-json\/wp\/v2\/posts"}],"about":[{"href":"http:\/\/aula21.net\/aulablog21\/wp-json\/wp\/v2\/types\/post"}],"author":[{"embeddable":true,"href":"http:\/\/aula21.net\/aulablog21\/wp-json\/wp\/v2\/users\/1"}],"replies":[{"embeddable":true,"href":"http:\/\/aula21.net\/aulablog21\/wp-json\/wp\/v2\/comments?post=7275"}],"version-history":[{"count":0,"href":"http:\/\/aula21.net\/aulablog21\/wp-json\/wp\/v2\/posts\/7275\/revisions"}],"wp:attachment":[{"href":"http:\/\/aula21.net\/aulablog21\/wp-json\/wp\/v2\/media?parent=7275"}],"wp:term":[{"taxonomy":"category","embeddable":true,"href":"http:\/\/aula21.net\/aulablog21\/wp-json\/wp\/v2\/categories?post=7275"},{"taxonomy":"post_tag","embeddable":true,"href":"http:\/\/aula21.net\/aulablog21\/wp-json\/wp\/v2\/tags?post=7275"}],"curies":[{"name":"wp","href":"https:\/\/api.w.org\/{rel}","templated":true}]}}