{"id":7307,"date":"2013-12-09T15:52:46","date_gmt":"2013-12-09T14:52:46","guid":{"rendered":"http:\/\/aula21.net\/aulablog21\/?p=7307"},"modified":"2013-12-09T15:56:50","modified_gmt":"2013-12-09T14:56:50","slug":"20-claves-educativas-para-el-2020","status":"publish","type":"post","link":"http:\/\/aula21.net\/aulablog21\/archives\/2013\/12\/09\/20-claves-educativas-para-el-2020\/","title":{"rendered":"20 Claves Educativas para el 2020"},"content":{"rendered":"<p style=\"text-align: justify;\"><strong><a href=\"http:\/\/aula21.net\/aulablog21\/wp-content\/uploads\/2013\/12\/538004_10201744426028990_431225592_n.jpg\"><img loading=\"lazy\" decoding=\"async\" class=\"alignleft size-thumbnail wp-image-7308\" style=\"border: 1px solid black; margin: 5px 10px;\" alt=\"538004_10201744426028990_431225592_n\" src=\"http:\/\/aula21.net\/aulablog21\/wp-content\/uploads\/2013\/12\/538004_10201744426028990_431225592_n-150x150.jpg\" width=\"150\" height=\"150\" \/><\/a>Fundaci\u00f3n Telef\u00f3nica<\/strong> se plante\u00f3 el desaf\u00edo de responder a la pregunta de <strong>c\u00f3mo deber\u00eda ser la Educaci\u00f3n en el Siglo XXI <\/strong>hace 18 meses y ha trabajado en buscar respuestas con un gran debate abierto al \u00e1mbito iberoamericano durante todo este tiempo.<\/p>\n<p style=\"text-align: justify;\">Tras 200 aulas virtuales con m\u00e1s de 50.000 docentes de 9 pa\u00edses, 70 eventos presenciales y las aportaciones de 300 ponentes internacionales, hemos extra\u00eddo<strong> 20 claves<\/strong> que consideramos<strong> fundamentales<\/strong> para el <strong>\u00e9xito educativo<\/strong> con las generaciones que comienzan su proceso de aprendizaje.<\/p>\n<p>Ya puedes<a title=\"Acceder\" href=\"http:\/\/www.fundacion.telefonica.com\/es\/arte_cultura\/publicaciones\/detalle\/257?utm_source=FT&amp;utm_medium=mail&amp;utm_campaign=10_dic_13_20claves\" target=\"_blank\"><strong> descargarte<\/strong><\/a> las 20 claves para el 2020 <span style=\"color: #00c7d9;\">aqu\u00ed<\/span>.<\/p>\n<p style=\"text-align: center;\"><!--adsense--><\/p>\n","protected":false},"excerpt":{"rendered":"<p>Fundaci\u00f3n Telef\u00f3nica se plante\u00f3 el desaf\u00edo de responder a la pregunta de c\u00f3mo deber\u00eda ser la Educaci\u00f3n en el Siglo XXI hace 18 meses y ha trabajado en buscar respuestas con un gran debate abierto al \u00e1mbito iberoamericano durante todo este tiempo. Tras 200 aulas virtuales con m\u00e1s de 50.000 docentes de 9 pa\u00edses, 70 [&hellip;]<\/p>\n","protected":false},"author":1,"featured_media":0,"comment_status":"open","ping_status":"open","sticky":false,"template":"","format":"standard","meta":{"footnotes":""},"categories":[17,19,8,29,23,18],"tags":[],"class_list":["post-7307","post","type-post","status-publish","format-standard","hentry","category-articulos","category-educacion","category-educacion_e_internet","category-lecturas","category-sociedad","category-tic"],"_links":{"self":[{"href":"http:\/\/aula21.net\/aulablog21\/wp-json\/wp\/v2\/posts\/7307","targetHints":{"allow":["GET"]}}],"collection":[{"href":"http:\/\/aula21.net\/aulablog21\/wp-json\/wp\/v2\/posts"}],"about":[{"href":"http:\/\/aula21.net\/aulablog21\/wp-json\/wp\/v2\/types\/post"}],"author":[{"embeddable":true,"href":"http:\/\/aula21.net\/aulablog21\/wp-json\/wp\/v2\/users\/1"}],"replies":[{"embeddable":true,"href":"http:\/\/aula21.net\/aulablog21\/wp-json\/wp\/v2\/comments?post=7307"}],"version-history":[{"count":0,"href":"http:\/\/aula21.net\/aulablog21\/wp-json\/wp\/v2\/posts\/7307\/revisions"}],"wp:attachment":[{"href":"http:\/\/aula21.net\/aulablog21\/wp-json\/wp\/v2\/media?parent=7307"}],"wp:term":[{"taxonomy":"category","embeddable":true,"href":"http:\/\/aula21.net\/aulablog21\/wp-json\/wp\/v2\/categories?post=7307"},{"taxonomy":"post_tag","embeddable":true,"href":"http:\/\/aula21.net\/aulablog21\/wp-json\/wp\/v2\/tags?post=7307"}],"curies":[{"name":"wp","href":"https:\/\/api.w.org\/{rel}","templated":true}]}}