{"id":7314,"date":"2014-01-15T10:38:28","date_gmt":"2014-01-15T09:38:28","guid":{"rendered":"http:\/\/aula21.net\/aulablog21\/?p=7314"},"modified":"2014-01-15T10:38:43","modified_gmt":"2014-01-15T09:38:43","slug":"bolonia-no-es-eso-senores","status":"publish","type":"post","link":"http:\/\/aula21.net\/aulablog21\/archives\/2014\/01\/15\/bolonia-no-es-eso-senores\/","title":{"rendered":"Bolonia no es eso se\u00f1ores&#8230;"},"content":{"rendered":"<p style=\"text-align: justify;\">La Universidad est\u00e1 dormida, hace falta que despierte, se ha entendido mal lo que Bolonia significa, el Sr. Piris ha embarcado a la Universidad de Extremadura en una malentendida \u00abmodernidad\u00bb poniendo ex\u00e1menes el d\u00eda despu\u00e9s de los Reyes Magos y quitando las antiguas convocatorias de septiembre y de febrero.<br \/>\n\u00bfSi los vecinos de Burgos son capaces de paralizar unas obras no podemos padres y alumnos cambiar el sistema de evaluaci\u00f3n tanto de las ense\u00f1anzas medias como de las universitarias?<br \/>\nOtro desastre que se avecina en Extremadura es poner la selectividad de septiembre en julio.<br \/>\nDentro de unos a\u00f1os cuando el sistema haya fracasado se rectificar\u00e1 pero los responsables se ir\u00e1n de rositas y los perjudicados ser\u00e1n nuestros hijos y alumnos.<br \/>\nRecomiendo la lectura del art\u00edculo del Jos\u00e9 Luis Veira Catedr\u00e1tico de Sociolog\u00eda de la Universidade de la Coru\u00f1a que apoya mis afirmaciones:<br \/>\n<a href=\"http:\/\/www.lavozdegalicia.es\/noticia\/opinion\/2014\/01\/13\/examenes-evaluacion-continua\/0003_201401G13P13995.htm\">http:\/\/www.lavozdegalicia.es\/noticia\/opinion\/2014\/01\/13\/examenes-evaluacion-continua\/0003_201401G13P13995.htm<\/a><br \/>\n<em>Las actuales convocatorias de ex\u00e1menes (las de enero y junio correspondientes a los dos cuatrimestres) son anacronismos heredados de la antigua mentalidad. Estas convocatorias podr\u00edan suprimirse y cada profesor fijar\u00eda su examen final al t\u00e9rmino del cuatrimestre (diciembre y mayo). O incluso podr\u00eda no hacer ex\u00e1menes si lo estimara oportuno. En cuanto a la convocatoria de julio (los ex\u00e1menes llamados de segunda oportunidad, como si de un concurso se tratara) tambi\u00e9n deber\u00eda desaparecer porque se da de bruces con la filosof\u00eda de la evaluaci\u00f3n continua. Los ex\u00e1menes siguen siendo importantes, pero deben incorporarse al sistema de evaluaci\u00f3n continua y por tanto hacerse en horas de clase normal. Estas modificaciones sugeridas nos acercar\u00edan al modelo europeo y adem\u00e1s permitir\u00edan una reestructuraci\u00f3n m\u00e1s racional del calendario acad\u00e9mico.<\/em><\/p>\n","protected":false},"excerpt":{"rendered":"<p>La Universidad est\u00e1 dormida, hace falta que despierte, se ha entendido mal lo que Bolonia significa, el Sr. Piris ha embarcado a la Universidad de Extremadura en una malentendida \u00abmodernidad\u00bb poniendo ex\u00e1menes el d\u00eda despu\u00e9s de los Reyes Magos y quitando las antiguas convocatorias de septiembre y de febrero. \u00bfSi los vecinos de Burgos son [&hellip;]<\/p>\n","protected":false},"author":1,"featured_media":0,"comment_status":"open","ping_status":"open","sticky":false,"template":"","format":"standard","meta":{"footnotes":""},"categories":[17,19,29,23],"tags":[],"class_list":["post-7314","post","type-post","status-publish","format-standard","hentry","category-articulos","category-educacion","category-lecturas","category-sociedad"],"_links":{"self":[{"href":"http:\/\/aula21.net\/aulablog21\/wp-json\/wp\/v2\/posts\/7314","targetHints":{"allow":["GET"]}}],"collection":[{"href":"http:\/\/aula21.net\/aulablog21\/wp-json\/wp\/v2\/posts"}],"about":[{"href":"http:\/\/aula21.net\/aulablog21\/wp-json\/wp\/v2\/types\/post"}],"author":[{"embeddable":true,"href":"http:\/\/aula21.net\/aulablog21\/wp-json\/wp\/v2\/users\/1"}],"replies":[{"embeddable":true,"href":"http:\/\/aula21.net\/aulablog21\/wp-json\/wp\/v2\/comments?post=7314"}],"version-history":[{"count":0,"href":"http:\/\/aula21.net\/aulablog21\/wp-json\/wp\/v2\/posts\/7314\/revisions"}],"wp:attachment":[{"href":"http:\/\/aula21.net\/aulablog21\/wp-json\/wp\/v2\/media?parent=7314"}],"wp:term":[{"taxonomy":"category","embeddable":true,"href":"http:\/\/aula21.net\/aulablog21\/wp-json\/wp\/v2\/categories?post=7314"},{"taxonomy":"post_tag","embeddable":true,"href":"http:\/\/aula21.net\/aulablog21\/wp-json\/wp\/v2\/tags?post=7314"}],"curies":[{"name":"wp","href":"https:\/\/api.w.org\/{rel}","templated":true}]}}