{"id":7356,"date":"2014-02-03T12:40:36","date_gmt":"2014-02-03T11:40:36","guid":{"rendered":"http:\/\/aula21.net\/aulablog21\/?p=7356"},"modified":"2014-02-03T12:44:26","modified_gmt":"2014-02-03T11:44:26","slug":"educacion-del-caracter-en-la-era-digital","status":"publish","type":"post","link":"http:\/\/aula21.net\/aulablog21\/archives\/2014\/02\/03\/educacion-del-caracter-en-la-era-digital\/","title":{"rendered":"Educaci\u00f3n del car\u00e1cter en la era digital"},"content":{"rendered":"<p>\u00abEl reto que afrontamos es encontrar maneras de ense\u00f1ar a nuestros ni\u00f1os a navegar de forma consciente y reflexiva por el presente digital que cambia aceleradamente. De qu\u00e9 manera enfrentemos este reto depende de c\u00f3mo atendamos la siguiente y fundamental pregunta respecto a la ense\u00f1anza a nuestros ni\u00f1os de la era digital: \u00bfDebemos educar nuestros ni\u00f1os como si tuvieran dos vidas o una?\u00bb<\/p>\n<p><a href=\"http:\/\/aula21.net\/aulablog21\/wp-content\/uploads\/2014\/02\/Humor-y-nin\u0303os-Mo\u0301viles-de-u\u0301ltima-generacio\u0301n.jpg\"><img loading=\"lazy\" decoding=\"async\" class=\"size-full wp-image-7359 aligncenter\" alt=\"Humor-y-nin\u0303os-Mo\u0301viles-de-u\u0301ltima-generacio\u0301n\" src=\"http:\/\/aula21.net\/aulablog21\/wp-content\/uploads\/2014\/02\/Humor-y-nin\u0303os-Mo\u0301viles-de-u\u0301ltima-generacio\u0301n.jpg\" width=\"468\" height=\"258\" srcset=\"http:\/\/aula21.net\/aulablog21\/wp-content\/uploads\/2014\/02\/Humor-y-nin\u0303os-Mo\u0301viles-de-u\u0301ltima-generacio\u0301n.jpg 624w, http:\/\/aula21.net\/aulablog21\/wp-content\/uploads\/2014\/02\/Humor-y-nin\u0303os-Mo\u0301viles-de-u\u0301ltima-generacio\u0301n-300x165.jpg 300w\" sizes=\"auto, (max-width: 468px) 100vw, 468px\" \/><\/a><\/p>\n<p>Autor: Jason Ohler Profesor Em\u00e9rito de Tecnolog\u00eda Educativa, Universidad de Alaska y profesor de <a href=\"http:\/\/www.fielding.edu\/programs\/psy\/media\/default.aspx\" target=\"_blank\">Psicolog\u00eda de Medios<\/a> en la Universidad Fielding. Es conferencista, escritor, docente e investigador y se le puede contactar en su sitio Web: <a href=\"http:\/\/www.jasonohler.com\/\" target=\"_blank\">jasonOhler.com<\/a><\/p>\n<p><a title=\"Acceder\" href=\"http:\/\/www.eduteka.org\/OhlerCaracter.php\" target=\"_blank\">Leer art\u00edculo completo en Eduteka<\/a><br \/>\n<!--adsense--><\/p>\n<p>Forma parte\u00a0 del documento \u201c<a href=\"http:\/\/www.unesco.org\/new\/fileadmin\/MULTIMEDIA\/FIELD\/Santiago\/images\/ticsesp.pdf\" target=\"_blank\">Enfoques estrat\u00e9gicos sobre las TIC en Educaci\u00f3n en Am\u00e9rica Latina y el Caribe<\/a>\u201d publicado en 2013 por la Oficina Regional de Educaci\u00f3n para Am\u00e9rica Latina y el Caribe (OREALC\/UNESCO Santiago).<\/p>\n","protected":false},"excerpt":{"rendered":"<p>\u00abEl reto que afrontamos es encontrar maneras de ense\u00f1ar a nuestros ni\u00f1os a navegar de forma consciente y reflexiva por el presente digital que cambia aceleradamente. De qu\u00e9 manera enfrentemos este reto depende de c\u00f3mo atendamos la siguiente y fundamental pregunta respecto a la ense\u00f1anza a nuestros ni\u00f1os de la era digital: \u00bfDebemos educar nuestros [&hellip;]<\/p>\n","protected":false},"author":1,"featured_media":0,"comment_status":"open","ping_status":"open","sticky":false,"template":"","format":"standard","meta":{"footnotes":""},"categories":[17,19,29,18],"tags":[],"class_list":["post-7356","post","type-post","status-publish","format-standard","hentry","category-articulos","category-educacion","category-lecturas","category-tic"],"_links":{"self":[{"href":"http:\/\/aula21.net\/aulablog21\/wp-json\/wp\/v2\/posts\/7356","targetHints":{"allow":["GET"]}}],"collection":[{"href":"http:\/\/aula21.net\/aulablog21\/wp-json\/wp\/v2\/posts"}],"about":[{"href":"http:\/\/aula21.net\/aulablog21\/wp-json\/wp\/v2\/types\/post"}],"author":[{"embeddable":true,"href":"http:\/\/aula21.net\/aulablog21\/wp-json\/wp\/v2\/users\/1"}],"replies":[{"embeddable":true,"href":"http:\/\/aula21.net\/aulablog21\/wp-json\/wp\/v2\/comments?post=7356"}],"version-history":[{"count":0,"href":"http:\/\/aula21.net\/aulablog21\/wp-json\/wp\/v2\/posts\/7356\/revisions"}],"wp:attachment":[{"href":"http:\/\/aula21.net\/aulablog21\/wp-json\/wp\/v2\/media?parent=7356"}],"wp:term":[{"taxonomy":"category","embeddable":true,"href":"http:\/\/aula21.net\/aulablog21\/wp-json\/wp\/v2\/categories?post=7356"},{"taxonomy":"post_tag","embeddable":true,"href":"http:\/\/aula21.net\/aulablog21\/wp-json\/wp\/v2\/tags?post=7356"}],"curies":[{"name":"wp","href":"https:\/\/api.w.org\/{rel}","templated":true}]}}