{"id":7363,"date":"2014-02-05T20:09:43","date_gmt":"2014-02-05T19:09:43","guid":{"rendered":"http:\/\/aula21.net\/aulablog21\/?p=7363"},"modified":"2014-02-05T20:11:29","modified_gmt":"2014-02-05T19:11:29","slug":"celebrando-el-2014-ano-internacional-de-la-cristalografia","status":"publish","type":"post","link":"http:\/\/aula21.net\/aulablog21\/archives\/2014\/02\/05\/celebrando-el-2014-ano-internacional-de-la-cristalografia\/","title":{"rendered":"Celebrando el 2014,  A\u00f1o Internacional de la Cristalograf\u00eda"},"content":{"rendered":"<p>En julio de 2012 la Asamblea General de las Naciones Unidas decidi\u00f3 declarar el 2014 <a title=\"Acceder\" href=\"http:\/\/www.iycr2014.org\/\" target=\"_blank\">A\u00f1o Internacional de la Cristalograf\u00eda<\/a> (IYCr2014)<br \/>\n<!--adsense--><\/p>\n<p style=\"text-align: center;\">Con tal motivo he publicado en educacontic un art\u00edculo\u00a0 titulado <a title=\"Acceder\" href=\"http:\/\/www.educacontic.es\/blog\/lo-que-la-cristalografia-puede-hacer-por-ti\" target=\"_blank\">Lo que la cristalograf\u00eda puede hacer por ti <\/a>con numerosos recursos para tratar el tema en el aula.<\/p>\n<p><a title=\"Acceder\" href=\"http:\/\/www.educacontic.es\/blog\/lo-que-la-cristalografia-puede-hacer-por-ti\" target=\"_blank\"><img loading=\"lazy\" decoding=\"async\" class=\"aligncenter\" style=\"border: 1px solid black;\" alt=\"\" src=\"http:\/\/www.educacontic.es\/sites\/default\/files\/blog\/9911\/2014-01-15_12-57-01_0.png\" width=\"472\" height=\"381\" \/><\/a><\/p>\n<p>&nbsp;<\/p>\n","protected":false},"excerpt":{"rendered":"<p>En julio de 2012 la Asamblea General de las Naciones Unidas decidi\u00f3 declarar el 2014 A\u00f1o Internacional de la Cristalograf\u00eda (IYCr2014) Con tal motivo he publicado en educacontic un art\u00edculo\u00a0 titulado Lo que la cristalograf\u00eda puede hacer por ti con numerosos recursos para tratar el tema en el aula. &nbsp;<\/p>\n","protected":false},"author":1,"featured_media":0,"comment_status":"open","ping_status":"open","sticky":false,"template":"","format":"standard","meta":{"footnotes":""},"categories":[17,37,8,25],"tags":[],"class_list":["post-7363","post","type-post","status-publish","format-standard","hentry","category-articulos","category-colaboraciones","category-educacion_e_internet","category-eventos"],"_links":{"self":[{"href":"http:\/\/aula21.net\/aulablog21\/wp-json\/wp\/v2\/posts\/7363","targetHints":{"allow":["GET"]}}],"collection":[{"href":"http:\/\/aula21.net\/aulablog21\/wp-json\/wp\/v2\/posts"}],"about":[{"href":"http:\/\/aula21.net\/aulablog21\/wp-json\/wp\/v2\/types\/post"}],"author":[{"embeddable":true,"href":"http:\/\/aula21.net\/aulablog21\/wp-json\/wp\/v2\/users\/1"}],"replies":[{"embeddable":true,"href":"http:\/\/aula21.net\/aulablog21\/wp-json\/wp\/v2\/comments?post=7363"}],"version-history":[{"count":0,"href":"http:\/\/aula21.net\/aulablog21\/wp-json\/wp\/v2\/posts\/7363\/revisions"}],"wp:attachment":[{"href":"http:\/\/aula21.net\/aulablog21\/wp-json\/wp\/v2\/media?parent=7363"}],"wp:term":[{"taxonomy":"category","embeddable":true,"href":"http:\/\/aula21.net\/aulablog21\/wp-json\/wp\/v2\/categories?post=7363"},{"taxonomy":"post_tag","embeddable":true,"href":"http:\/\/aula21.net\/aulablog21\/wp-json\/wp\/v2\/tags?post=7363"}],"curies":[{"name":"wp","href":"https:\/\/api.w.org\/{rel}","templated":true}]}}