{"id":7379,"date":"2014-02-13T21:29:21","date_gmt":"2014-02-13T20:29:21","guid":{"rendered":"http:\/\/aula21.net\/aulablog21\/?p=7379"},"modified":"2014-02-13T21:35:51","modified_gmt":"2014-02-13T20:35:51","slug":"el-iinforme-sobre-el-panorama-universitario-espanol-presentado-por-el-ministerio-de-educacion-curso-2013-14","status":"publish","type":"post","link":"http:\/\/aula21.net\/aulablog21\/archives\/2014\/02\/13\/el-iinforme-sobre-el-panorama-universitario-espanol-presentado-por-el-ministerio-de-educacion-curso-2013-14\/","title":{"rendered":"Informe sobre el panorama universitario espa\u00f1ol del Ministerio de Educaci\u00f3n. Curso 2013-14"},"content":{"rendered":"<p>El informe del Ministerio apunta a\u00a0<strong>un descenso del 0,8% de los universitarios<\/strong>. Seg\u00fan sus c\u00e1lculos, hay matriculados 1.438.115 alumnos que cursan titulaciones, m\u00e1s 111.987 que realizan un m\u00e1ster oficial.<br \/>\n <!--adsense--><\/p>\n<p>Entre otros datos destacar que u<strong>no\u00a0<\/strong>de cada\u00a0<strong>cinco universitarios<\/strong>\u00a0en Espa\u00f1a<strong>\u00a0deja los estudios<\/strong>\u00a0en el primer a\u00f1o de carrera, seg\u00fan el <a href=\"http:\/\/www.mecd.gob.es\/prensa-mecd\/eu\/dms\/mecd\/prensa-mecd\/actualidad\/2014\/02\/20140213-datos-univer\/datos-cifras-13-14.pdf\" target=\"_blank\">informe sobre el panorama universitario presentado por el Ministerio de Educaci\u00f3n, pdf de 150 p\u00e1ginas.<\/a><\/p>\n<p><a title=\"Acceder\" href=\"http:\/\/www.mecd.gob.es\/prensa-mecd\/eu\/dms\/mecd\/prensa-mecd\/actualidad\/2014\/02\/20140213-datos-univer\/datos-cifras-13-14.pdf\" target=\"_blank\"><img loading=\"lazy\" decoding=\"async\" class=\"size-full wp-image-7380 aligncenter\" alt=\"Captura de pantalla 2014-02-13 a la(s) 21.32.29\" src=\"http:\/\/aula21.net\/aulablog21\/wp-content\/uploads\/2014\/02\/Captura-de-pantalla-2014-02-13-a-las-21.32.29.png\" width=\"466\" height=\"403\" srcset=\"http:\/\/aula21.net\/aulablog21\/wp-content\/uploads\/2014\/02\/Captura-de-pantalla-2014-02-13-a-las-21.32.29.png 606w, http:\/\/aula21.net\/aulablog21\/wp-content\/uploads\/2014\/02\/Captura-de-pantalla-2014-02-13-a-las-21.32.29-300x260.png 300w\" sizes=\"auto, (max-width: 466px) 100vw, 466px\" \/><\/a><\/p>\n","protected":false},"excerpt":{"rendered":"<p>El informe del Ministerio apunta a\u00a0un descenso del 0,8% de los universitarios. Seg\u00fan sus c\u00e1lculos, hay matriculados 1.438.115 alumnos que cursan titulaciones, m\u00e1s 111.987 que realizan un m\u00e1ster oficial. Entre otros datos destacar que uno\u00a0de cada\u00a0cinco universitarios\u00a0en Espa\u00f1a\u00a0deja los estudios\u00a0en el primer a\u00f1o de carrera, seg\u00fan el informe sobre el panorama universitario presentado por el [&hellip;]<\/p>\n","protected":false},"author":1,"featured_media":0,"comment_status":"open","ping_status":"open","sticky":false,"template":"","format":"standard","meta":{"footnotes":""},"categories":[17,19,29],"tags":[],"class_list":["post-7379","post","type-post","status-publish","format-standard","hentry","category-articulos","category-educacion","category-lecturas"],"_links":{"self":[{"href":"http:\/\/aula21.net\/aulablog21\/wp-json\/wp\/v2\/posts\/7379","targetHints":{"allow":["GET"]}}],"collection":[{"href":"http:\/\/aula21.net\/aulablog21\/wp-json\/wp\/v2\/posts"}],"about":[{"href":"http:\/\/aula21.net\/aulablog21\/wp-json\/wp\/v2\/types\/post"}],"author":[{"embeddable":true,"href":"http:\/\/aula21.net\/aulablog21\/wp-json\/wp\/v2\/users\/1"}],"replies":[{"embeddable":true,"href":"http:\/\/aula21.net\/aulablog21\/wp-json\/wp\/v2\/comments?post=7379"}],"version-history":[{"count":0,"href":"http:\/\/aula21.net\/aulablog21\/wp-json\/wp\/v2\/posts\/7379\/revisions"}],"wp:attachment":[{"href":"http:\/\/aula21.net\/aulablog21\/wp-json\/wp\/v2\/media?parent=7379"}],"wp:term":[{"taxonomy":"category","embeddable":true,"href":"http:\/\/aula21.net\/aulablog21\/wp-json\/wp\/v2\/categories?post=7379"},{"taxonomy":"post_tag","embeddable":true,"href":"http:\/\/aula21.net\/aulablog21\/wp-json\/wp\/v2\/tags?post=7379"}],"curies":[{"name":"wp","href":"https:\/\/api.w.org\/{rel}","templated":true}]}}