{"id":7399,"date":"2014-02-17T18:53:24","date_gmt":"2014-02-17T17:53:24","guid":{"rendered":"http:\/\/aula21.net\/aulablog21\/?p=7399"},"modified":"2014-02-17T18:56:33","modified_gmt":"2014-02-17T17:56:33","slug":"ii-edicion-del-concurso-de-buenas-practicas-para-el-exito-educativo","status":"publish","type":"post","link":"http:\/\/aula21.net\/aulablog21\/archives\/2014\/02\/17\/ii-edicion-del-concurso-de-buenas-practicas-para-el-exito-educativo\/","title":{"rendered":"II Edici\u00f3n del Concurso de buenas pr\u00e1cticas para el \u00e9xito educativo."},"content":{"rendered":"<p>La Fundaci\u00f3n SM convoca <a title=\"Acceder\" href=\"http:\/\/www.smconectados.com\/Concurso_de_buenas_practicas_para_el_exito_educativo.html?utm_campaign=SMConectados.+Buenas+pr%C3%A1cticas.+Concurso+exito+educativo&amp;utm_medium=email&amp;utm_source=SMConectados.Buenas_practicas_FundacionSm\" target=\"_blank\">la segunda edici\u00f3n del Concurso<\/a> de buenas pr\u00e1cticas para el \u00e9xito educativo. El objetivo del concurso es apoyar experiencias lideradas por entidades educativas que estimulen y promuevan el \u00e9xito educativo en Espa\u00f1a.<br \/>\n<!--adsense--><br \/>\n<a title=\"Acceder\" href=\"http:\/\/www.smconectados.com\/Concurso_de_buenas_practicas_para_el_exito_educativo.html?utm_campaign=SMConectados.+Buenas+pr%C3%A1cticas.+Concurso+exito+educativo&amp;utm_medium=email&amp;utm_source=SMConectados.Buenas_practicas_FundacionSm\" target=\"_blank\"><img loading=\"lazy\" decoding=\"async\" class=\"aligncenter\" alt=\"concurso\" src=\"http:\/\/www.smconectados.com\/archivosCMS\/3\/3\/46\/usuarios\/234296\/10\/20140211112915M_6e87122a-9870-44aa-a9e6-0da0f2b2e43b.jpg\" width=\"458\" height=\"205\" \/><\/a><\/p>\n<p>Pueden participar centros de Educaci\u00f3n Primaria y\/o Secundaria de todo el territorio espa\u00f1ol, grupos de docentes que desarrollen proyectos espec\u00edficos de intervenci\u00f3n y otras entidades educativas que desarrollan en Espa\u00f1a programas de \u00e9xito educativo en el \u00e1mbito local, regional y\/o nacional.<\/p>\n<p>El plazo de admisi\u00f3n finaliza el 14 de marzo.<\/p>\n<p>Se seleccionar\u00e1n 10 experiencias ganadoras que ser\u00e1n premiadas con 5.000 euros cada una.<\/p>\n<p><a title=\"Acceder\" href=\"http:\/\/www.fundacion-sm.com\/ver_galeria_enlaces.aspx?&amp;id=38660\" target=\"_blank\">Bases del Concurso<\/a><\/p>\n","protected":false},"excerpt":{"rendered":"<p>La Fundaci\u00f3n SM convoca la segunda edici\u00f3n del Concurso de buenas pr\u00e1cticas para el \u00e9xito educativo. El objetivo del concurso es apoyar experiencias lideradas por entidades educativas que estimulen y promuevan el \u00e9xito educativo en Espa\u00f1a. Pueden participar centros de Educaci\u00f3n Primaria y\/o Secundaria de todo el territorio espa\u00f1ol, grupos de docentes que desarrollen proyectos [&hellip;]<\/p>\n","protected":false},"author":1,"featured_media":0,"comment_status":"open","ping_status":"open","sticky":false,"template":"","format":"standard","meta":{"footnotes":""},"categories":[8,25],"tags":[],"class_list":["post-7399","post","type-post","status-publish","format-standard","hentry","category-educacion_e_internet","category-eventos"],"_links":{"self":[{"href":"http:\/\/aula21.net\/aulablog21\/wp-json\/wp\/v2\/posts\/7399","targetHints":{"allow":["GET"]}}],"collection":[{"href":"http:\/\/aula21.net\/aulablog21\/wp-json\/wp\/v2\/posts"}],"about":[{"href":"http:\/\/aula21.net\/aulablog21\/wp-json\/wp\/v2\/types\/post"}],"author":[{"embeddable":true,"href":"http:\/\/aula21.net\/aulablog21\/wp-json\/wp\/v2\/users\/1"}],"replies":[{"embeddable":true,"href":"http:\/\/aula21.net\/aulablog21\/wp-json\/wp\/v2\/comments?post=7399"}],"version-history":[{"count":0,"href":"http:\/\/aula21.net\/aulablog21\/wp-json\/wp\/v2\/posts\/7399\/revisions"}],"wp:attachment":[{"href":"http:\/\/aula21.net\/aulablog21\/wp-json\/wp\/v2\/media?parent=7399"}],"wp:term":[{"taxonomy":"category","embeddable":true,"href":"http:\/\/aula21.net\/aulablog21\/wp-json\/wp\/v2\/categories?post=7399"},{"taxonomy":"post_tag","embeddable":true,"href":"http:\/\/aula21.net\/aulablog21\/wp-json\/wp\/v2\/tags?post=7399"}],"curies":[{"name":"wp","href":"https:\/\/api.w.org\/{rel}","templated":true}]}}