{"id":7407,"date":"2014-02-26T17:13:40","date_gmt":"2014-02-26T16:13:40","guid":{"rendered":"http:\/\/aula21.net\/aulablog21\/?p=7407"},"modified":"2014-02-26T17:21:28","modified_gmt":"2014-02-26T16:21:28","slug":"descarga-gratuita-del-gran-diccionario-de-fotografos-espanoles","status":"publish","type":"post","link":"http:\/\/aula21.net\/aulablog21\/archives\/2014\/02\/26\/descarga-gratuita-del-gran-diccionario-de-fotografos-espanoles\/","title":{"rendered":"Descarga gratuita del gran diccionario de fot\u00f3grafos espa\u00f1oles, del siglo XIX al XXI"},"content":{"rendered":"<p style=\"text-align: justify;\">\n<p style=\"text-align: justify;\"><!--adsense--><strong><a title=\"Acceder\" href=\"http:\/\/www.mcu.es\/promoArte\/Novedades\/DiccionarioFotografosEsp.html\" target=\"_blank\">Una publicaci\u00f3n de 333 p\u00e1ginas<\/a> que recoge la historia de la fotograf\u00eda espa\u00f1ola en su conjunto, desde sus inicios hasta la actualidad<\/strong>. Este volumen es el primer diccionario exhaustivo de fot\u00f3grafos espa\u00f1oles que se publica en Espa\u00f1a. Un diccionario ilustrado con un importante n\u00famero de im\u00e1genes, representativas tanto de los distintos autores como de la fotograf\u00eda espa\u00f1ola en su conjunto. Una n\u00f3mina de <strong>m\u00e1s de 600 autores que recorren todo el espectro de la fotograf\u00eda <\/strong>y quiere dar cuenta de su pluralidad.<\/p>\n<p><a title=\"Acceder\" href=\"http:\/\/www.mcu.es\/promoArte\/Novedades\/DiccionarioFotografosEsp.html\" target=\"_blank\"><img loading=\"lazy\" decoding=\"async\" class=\"size-full wp-image-7408 aligncenter\" alt=\"Captura de pantalla 2014-02-26 a la(s) 17.17.06\" src=\"http:\/\/aula21.net\/aulablog21\/wp-content\/uploads\/2014\/02\/Captura-de-pantalla-2014-02-26-a-las-17.17.06.png\" width=\"400\" height=\"475\" srcset=\"http:\/\/aula21.net\/aulablog21\/wp-content\/uploads\/2014\/02\/Captura-de-pantalla-2014-02-26-a-las-17.17.06.png 400w, http:\/\/aula21.net\/aulablog21\/wp-content\/uploads\/2014\/02\/Captura-de-pantalla-2014-02-26-a-las-17.17.06-253x300.png 253w\" sizes=\"auto, (max-width: 400px) 100vw, 400px\" \/><\/a><\/p>\n<p style=\"text-align: center;\">M\u00e1s informaci\u00f3n y descarga en la web del<a title=\"Acceder\" href=\"http:\/\/www.mcu.es\/promoArte\/Novedades\/DiccionarioFotografosEsp.html\" target=\"_blank\"> Ministerio de Cultura<\/a>.<\/p>\n","protected":false},"excerpt":{"rendered":"<p>Una publicaci\u00f3n de 333 p\u00e1ginas que recoge la historia de la fotograf\u00eda espa\u00f1ola en su conjunto, desde sus inicios hasta la actualidad. Este volumen es el primer diccionario exhaustivo de fot\u00f3grafos espa\u00f1oles que se publica en Espa\u00f1a. Un diccionario ilustrado con un importante n\u00famero de im\u00e1genes, representativas tanto de los distintos autores como de la [&hellip;]<\/p>\n","protected":false},"author":1,"featured_media":0,"comment_status":"open","ping_status":"open","sticky":false,"template":"","format":"standard","meta":{"footnotes":""},"categories":[29,1,14],"tags":[],"class_list":["post-7407","post","type-post","status-publish","format-standard","hentry","category-lecturas","category-miscelanea","category-recursos-variados"],"_links":{"self":[{"href":"http:\/\/aula21.net\/aulablog21\/wp-json\/wp\/v2\/posts\/7407","targetHints":{"allow":["GET"]}}],"collection":[{"href":"http:\/\/aula21.net\/aulablog21\/wp-json\/wp\/v2\/posts"}],"about":[{"href":"http:\/\/aula21.net\/aulablog21\/wp-json\/wp\/v2\/types\/post"}],"author":[{"embeddable":true,"href":"http:\/\/aula21.net\/aulablog21\/wp-json\/wp\/v2\/users\/1"}],"replies":[{"embeddable":true,"href":"http:\/\/aula21.net\/aulablog21\/wp-json\/wp\/v2\/comments?post=7407"}],"version-history":[{"count":0,"href":"http:\/\/aula21.net\/aulablog21\/wp-json\/wp\/v2\/posts\/7407\/revisions"}],"wp:attachment":[{"href":"http:\/\/aula21.net\/aulablog21\/wp-json\/wp\/v2\/media?parent=7407"}],"wp:term":[{"taxonomy":"category","embeddable":true,"href":"http:\/\/aula21.net\/aulablog21\/wp-json\/wp\/v2\/categories?post=7407"},{"taxonomy":"post_tag","embeddable":true,"href":"http:\/\/aula21.net\/aulablog21\/wp-json\/wp\/v2\/tags?post=7407"}],"curies":[{"name":"wp","href":"https:\/\/api.w.org\/{rel}","templated":true}]}}