{"id":741,"date":"2006-03-14T16:59:38","date_gmt":"2006-03-14T15:59:38","guid":{"rendered":"http:\/\/127.0.0.1\/wordpress2\/index.php\/archives\/2006\/03\/14\/diario-de-practicas-escolares\/"},"modified":"2006-03-15T21:16:59","modified_gmt":"2006-03-15T20:16:59","slug":"diario-de-practicas-escolares","status":"publish","type":"post","link":"http:\/\/aula21.net\/aulablog21\/archives\/2006\/03\/14\/diario-de-practicas-escolares\/","title":{"rendered":"Diario de Pr\u00e1cticas Escolares"},"content":{"rendered":"<p><a href=\"http:\/\/www.technorati.com\/search\/www.aula21.net\/aulablog21\">A trav\u00e9s de Technorati<\/a> descubro el <a href=\"http:\/\/marinhagarcia.blogspot.com\/\">blog Diario de pr\u00e1cticas escolares<\/a>, en el mismo nos habla <a href=\"http:\/\/marinhagarcia.blogspot.com\/2006\/03\/nntt.html\">en este art\u00edculo<\/a> de un libro titulado <em><a href=\"http:\/\/www.ideaspropiaseditorial.com\/\">Las Nuevas Tecnolog\u00edas en Educaci\u00f3n. Aplicaci\u00f3n e Integraci\u00f3n de las Nuevas Tecnolog\u00edas en el Desarrollo Curricular<\/a>.<\/em> Vigo, <a href=\"http:\/\/www.ideaspropiaseditorial.com\/central_inicio.php?pagina_actual=seccion_inicio_0&#038;PHPSESSID=02bcf971885c51a806ed475c1beb0bbb\"><font color=\"#334477\">Ideaspropias Editorial<\/font><\/a>. En este libro parece ser que hay un cap\u00edtulo dedicado a los blogs y en el mismo citan a un servidor y a varios de sus habituales amigos del ciberespacio,\u00a0 <a href=\"http:\/\/www.adelat.org\/\">Anibal\u00a0<\/a> aparece \u00a1 c\u00f3mo no !<\/p>\n<p><a href=\"http:\/\/marinhagarcia.blogspot.com\/\">El blog me ha gustado mucho<\/a>, en \u00e9l su autora Marina Garc\u00eda profesora de ingl\u00e9s en pr\u00e1cticas en un colegio de primaria relata sus vivencias y actividades con los alumnos.<\/p>\n","protected":false},"excerpt":{"rendered":"<p>A trav\u00e9s de Technorati descubro el blog Diario de pr\u00e1cticas escolares, en el mismo nos habla en este art\u00edculo de un libro titulado Las Nuevas Tecnolog\u00edas en Educaci\u00f3n. Aplicaci\u00f3n e Integraci\u00f3n de las Nuevas Tecnolog\u00edas en el Desarrollo Curricular. Vigo, Ideaspropias Editorial. En este libro parece ser que hay un cap\u00edtulo dedicado a los blogs [&hellip;]<\/p>\n","protected":false},"author":1,"featured_media":0,"comment_status":"open","ping_status":"open","sticky":false,"template":"","format":"standard","meta":{"footnotes":""},"categories":[2],"tags":[],"class_list":["post-741","post","type-post","status-publish","format-standard","hentry","category-weblogs_en_el_aula"],"_links":{"self":[{"href":"http:\/\/aula21.net\/aulablog21\/wp-json\/wp\/v2\/posts\/741","targetHints":{"allow":["GET"]}}],"collection":[{"href":"http:\/\/aula21.net\/aulablog21\/wp-json\/wp\/v2\/posts"}],"about":[{"href":"http:\/\/aula21.net\/aulablog21\/wp-json\/wp\/v2\/types\/post"}],"author":[{"embeddable":true,"href":"http:\/\/aula21.net\/aulablog21\/wp-json\/wp\/v2\/users\/1"}],"replies":[{"embeddable":true,"href":"http:\/\/aula21.net\/aulablog21\/wp-json\/wp\/v2\/comments?post=741"}],"version-history":[{"count":0,"href":"http:\/\/aula21.net\/aulablog21\/wp-json\/wp\/v2\/posts\/741\/revisions"}],"wp:attachment":[{"href":"http:\/\/aula21.net\/aulablog21\/wp-json\/wp\/v2\/media?parent=741"}],"wp:term":[{"taxonomy":"category","embeddable":true,"href":"http:\/\/aula21.net\/aulablog21\/wp-json\/wp\/v2\/categories?post=741"},{"taxonomy":"post_tag","embeddable":true,"href":"http:\/\/aula21.net\/aulablog21\/wp-json\/wp\/v2\/tags?post=741"}],"curies":[{"name":"wp","href":"https:\/\/api.w.org\/{rel}","templated":true}]}}