{"id":745,"date":"2006-03-16T17:27:54","date_gmt":"2006-03-16T16:27:54","guid":{"rendered":"http:\/\/127.0.0.1\/wordpress2\/index.php\/archives\/2006\/03\/16\/el-angel-de-la-web\/"},"modified":"2006-03-16T17:32:32","modified_gmt":"2006-03-16T16:32:32","slug":"el-angel-de-la-web","status":"publish","type":"post","link":"http:\/\/aula21.net\/aulablog21\/archives\/2006\/03\/16\/el-angel-de-la-web\/","title":{"rendered":"El \u00c1ngel de la Web"},"content":{"rendered":"<p>Sencillamente me ha encantado el sitio <a href=\"ORACI\u00d3N%20DE%20LOS%20CIBERNAUTAS\">&quot;El \u00c1ngel de la WEB&quot;<\/a>\u00a0cuyo Webmaster es <a href=\"http:\/\/www.terra.es\/personal\/angerod\/quisl.htm\">\u00c1ngel Rodriguez<\/a>. Esta hecha con gran sencillez y cari\u00f1o, eso se nota y se transmite. He pasado un buen rato junto a mi hija visit\u00e1ndola.<\/p>\n<p>Entre otras muchas cosas he aprendido\u00a0la oraci\u00f3n de los internautas:<\/p>\n<p><font face=\"Verdana, Arial, Helvetica, sans-serif\" color=\"#000080\" size=\"2\">Sat\u00e9lite nuestro que est\u00e1s en el cielo,<br \/>acelerado sea tu link.<br \/>Venga a nosotros tu hipertexto.<br \/>H\u00e1gase tu conexi\u00f3n,<br \/>as\u00ed en lo real como en lo virtual.<br \/>Danos hoy nuestro download de cada d\u00eda.<br \/>Perdona el caf\u00e9 sobre el teclado,<br \/>as\u00ed como nosotros perdonamos las malas conexiones <br \/>de nuestro servidor.<br \/>No nos dejes caer la conexi\u00f3n<br \/>y l\u00edbranos, Se\u00f1or, de todo virus.<br \/>Am\u00e9n.<\/font><\/p>\n<p>Su autor hizo una encuesta para elegir al patr\u00f3n de los <em>Internautas<\/em> y result\u00f3 elegido El Arc\u00e1ngel San Gabriel, <a href=\"http:\/\/www.terra.es\/personal\/angerod\/patrones.htm\">en esta p\u00e1gina nos detalla<\/a> como resultaron las votaciones y todos los candidatos.<\/p>\n","protected":false},"excerpt":{"rendered":"<p>Sencillamente me ha encantado el sitio &quot;El \u00c1ngel de la WEB&quot;\u00a0cuyo Webmaster es \u00c1ngel Rodriguez. Esta hecha con gran sencillez y cari\u00f1o, eso se nota y se transmite. He pasado un buen rato junto a mi hija visit\u00e1ndola. Entre otras muchas cosas he aprendido\u00a0la oraci\u00f3n de los internautas: Sat\u00e9lite nuestro que est\u00e1s en el cielo,acelerado [&hellip;]<\/p>\n","protected":false},"author":1,"featured_media":0,"comment_status":"open","ping_status":"open","sticky":false,"template":"","format":"standard","meta":{"footnotes":""},"categories":[8],"tags":[],"class_list":["post-745","post","type-post","status-publish","format-standard","hentry","category-educacion_e_internet"],"_links":{"self":[{"href":"http:\/\/aula21.net\/aulablog21\/wp-json\/wp\/v2\/posts\/745","targetHints":{"allow":["GET"]}}],"collection":[{"href":"http:\/\/aula21.net\/aulablog21\/wp-json\/wp\/v2\/posts"}],"about":[{"href":"http:\/\/aula21.net\/aulablog21\/wp-json\/wp\/v2\/types\/post"}],"author":[{"embeddable":true,"href":"http:\/\/aula21.net\/aulablog21\/wp-json\/wp\/v2\/users\/1"}],"replies":[{"embeddable":true,"href":"http:\/\/aula21.net\/aulablog21\/wp-json\/wp\/v2\/comments?post=745"}],"version-history":[{"count":0,"href":"http:\/\/aula21.net\/aulablog21\/wp-json\/wp\/v2\/posts\/745\/revisions"}],"wp:attachment":[{"href":"http:\/\/aula21.net\/aulablog21\/wp-json\/wp\/v2\/media?parent=745"}],"wp:term":[{"taxonomy":"category","embeddable":true,"href":"http:\/\/aula21.net\/aulablog21\/wp-json\/wp\/v2\/categories?post=745"},{"taxonomy":"post_tag","embeddable":true,"href":"http:\/\/aula21.net\/aulablog21\/wp-json\/wp\/v2\/tags?post=745"}],"curies":[{"name":"wp","href":"https:\/\/api.w.org\/{rel}","templated":true}]}}