{"id":746,"date":"2006-03-16T18:15:51","date_gmt":"2006-03-16T17:15:51","guid":{"rendered":"http:\/\/127.0.0.1\/wordpress2\/index.php\/archives\/2006\/03\/16\/noticias-encadenadas-quien-entiende-esto\/"},"modified":"2006-03-16T18:45:59","modified_gmt":"2006-03-16T17:45:59","slug":"noticias-encadenadas-quien-entiende-esto","status":"publish","type":"post","link":"http:\/\/aula21.net\/aulablog21\/archives\/2006\/03\/16\/noticias-encadenadas-quien-entiende-esto\/","title":{"rendered":"Noticias encadenadas \u00bfquien entiende esto?"},"content":{"rendered":"<p><a href=\"http:\/\/www.elpais.es\/articulo\/elpporsoc\/20060316elpepisoc_2\/Tes\/sociedad\/49\/alumnos\/primaria\/tiene\/nivel\/aceptable\/matematicas\">Un 49% de los alumnos de primaria no tiene un nivel aceptable en matem\u00e1ticas<\/a>, en Lengua un 47% , quiz\u00e1s el problema\u00a0se solucione poniendo &quot;Educaci\u00f3n para la Ciudadan\u00eda&quot; en Primaria en lugar de refuerzos\/apoyos\u00a0asi ya seremos como Ruman\u00eda&#8230; pero parece ser que <a href=\"http:\/\/www.larazon.es\/noticias\/noti_soc17459.htm\"><span class=\"textotitulargrande\">El Senado aprueba que se retire la Educaci\u00f3n para la Ciudadan\u00eda de los cursos de Primaria. <\/span><\/a><br \/><span class=\"textotitulargrande\">Si pero&#8230;el dictamen de la Comisi\u00f3n de Educaci\u00f3n del Senado pasar\u00e1 ahora a votaci\u00f3n en el Pleno y, a continuaci\u00f3n, volver\u00e1 al Congreso, donde el PSOE y sus socios tienen mayor\u00eda y pueden deshacer los acuerdos de la C\u00e1mara Alta.<\/span><\/p>\n<p><span class=\"textotitulargrande\">Para reir \u00bfo llorar? en el per\u00ed\u00f3dico de autobombo de la Junta <a href=\"http:\/\/www.juntaex.es\/consejerias\/edu\/gaceta\/GacetaWeb_99febrero\/paginas\/opinion2.html\">&quot;El ordenador sube las notas&quot;<\/a>\u00a0\u00bfa qu\u00e9 piso? , hace poco dias leemos en el peri\u00f3dico Hoy <a href=\"http:\/\/servicios.hoy.es\/pg060314\/prensa\/noticias\/Regional\/200603\/14\/HOY-REG-159.html\">Los docentes ven con buenos ojos la apuesta de la Junta de instalar ordenadores<\/a>, ante esta noticia <a href=\"http:\/\/iessapostol.juntaextremadura.net\/blogs\/index.php?blog=1&#038;title=los_docentes_ven_con_buenos_ojos_la_apue&#038;more=1&#038;c=1&#038;tb=1&#038;pb=1\">Carlos Cabanillas responde:<\/a><\/span><\/p>\n<p><span class=\"textotitulargrande\"><\/p>\n<p><em>No s\u00e9 c\u00f3mo se ha hecho esta encuesta, pero los datos no se los creen ni ellos. Y encima se dice que &quot;<strong>s\u00f3lo<\/strong> utilizamos los ordenadores dos horas a la semana&quot;. Supongo que se referir\u00e1 a dos de las treinta horas lectivas semanales, no a dos horas de cada profesor, porque eso ya ser\u00eda la repanocha.<\/em> <br \/>En mi instituto la gente dice \u00bf a aquien habr\u00e1n encuestado estos se\u00f1ores?<\/p>\n<p>Para terminar Noticia de <a href=\"http:\/\/www.elperiodicoextremadura.com\/noticias\/noticia.asp?pkid=226437\">El Peri\u00f3dico Extremadura<\/a>, el 13-3-06. <br \/><em>La tasa de paro de los que dejan de estudiar triplica a la de aquellos que consiguen completar este nivel. Malta y Portugal son los \u00fanicos pa\u00edses europeos con un abandono escolar prematuro superior al extreme\u00f1o.<\/em><\/p>\n<p>Me estoy volviendo loco, los ordenadores suben las notas pero hay m\u00e1s fracaso el cual se soluciona poniendo esa nueva asignatura \u00a1 qu\u00e9 me mareo !<\/p>\n<p><\/span><\/p>\n","protected":false},"excerpt":{"rendered":"<p>Un 49% de los alumnos de primaria no tiene un nivel aceptable en matem\u00e1ticas, en Lengua un 47% , quiz\u00e1s el problema\u00a0se solucione poniendo &quot;Educaci\u00f3n para la Ciudadan\u00eda&quot; en Primaria en lugar de refuerzos\/apoyos\u00a0asi ya seremos como Ruman\u00eda&#8230; pero parece ser que El Senado aprueba que se retire la Educaci\u00f3n para la Ciudadan\u00eda de los [&hellip;]<\/p>\n","protected":false},"author":1,"featured_media":0,"comment_status":"open","ping_status":"open","sticky":false,"template":"","format":"standard","meta":{"footnotes":""},"categories":[8],"tags":[],"class_list":["post-746","post","type-post","status-publish","format-standard","hentry","category-educacion_e_internet"],"_links":{"self":[{"href":"http:\/\/aula21.net\/aulablog21\/wp-json\/wp\/v2\/posts\/746","targetHints":{"allow":["GET"]}}],"collection":[{"href":"http:\/\/aula21.net\/aulablog21\/wp-json\/wp\/v2\/posts"}],"about":[{"href":"http:\/\/aula21.net\/aulablog21\/wp-json\/wp\/v2\/types\/post"}],"author":[{"embeddable":true,"href":"http:\/\/aula21.net\/aulablog21\/wp-json\/wp\/v2\/users\/1"}],"replies":[{"embeddable":true,"href":"http:\/\/aula21.net\/aulablog21\/wp-json\/wp\/v2\/comments?post=746"}],"version-history":[{"count":0,"href":"http:\/\/aula21.net\/aulablog21\/wp-json\/wp\/v2\/posts\/746\/revisions"}],"wp:attachment":[{"href":"http:\/\/aula21.net\/aulablog21\/wp-json\/wp\/v2\/media?parent=746"}],"wp:term":[{"taxonomy":"category","embeddable":true,"href":"http:\/\/aula21.net\/aulablog21\/wp-json\/wp\/v2\/categories?post=746"},{"taxonomy":"post_tag","embeddable":true,"href":"http:\/\/aula21.net\/aulablog21\/wp-json\/wp\/v2\/tags?post=746"}],"curies":[{"name":"wp","href":"https:\/\/api.w.org\/{rel}","templated":true}]}}