{"id":747,"date":"2006-03-16T18:29:49","date_gmt":"2006-03-16T17:29:49","guid":{"rendered":"http:\/\/127.0.0.1\/wordpress2\/index.php\/archives\/2006\/03\/16\/aun-nos-queda-serrat\/"},"modified":"2006-03-16T18:33:24","modified_gmt":"2006-03-16T17:33:24","slug":"aun-nos-queda-serrat","status":"publish","type":"post","link":"http:\/\/aula21.net\/aulablog21\/archives\/2006\/03\/16\/aun-nos-queda-serrat\/","title":{"rendered":"A\u00fan nos queda Serrat"},"content":{"rendered":"<p>El gran cantautor y poeta catal\u00e1n Joan Manuel Serrat ya es doctor honoris causa por la Universidad Complutense. En el emotivo acto, en el que le brindaron grandes elogios, Madrid y Catalu\u00f1a se unieron gracias al reci\u00e9n nombrado doctor catal\u00e1n que afirmo ser catal\u00e1n mestizo, con dos lenguas a la vez y sin estar loco. Este jueves, el cantautor record\u00f3 que<strong> habla mejor el idioma que\u00a0le proh\u00edben.<\/strong><!--fh--> <\/><\/p>\n<p><em>&quot;Para m\u00ed cantar en castellano o en catal\u00e1n es algo tan natural como que las u\u00f1as me crecen. No tengo ning\u00fan inconveniente en ese sentido. Solamente tengo una exigencia conmigo, en relaci\u00f3n a esto: <strong>yo siempre prefiero cantar en el idioma que me proh\u00edben, cuando me prohiben cantar en castellano me empecino en cantar en castellano; y cuando me prohiben cantar en catal\u00e1n, canto en catal\u00e1n.<\/strong> Simplemente por defender mi derecho a la libertad&quot;. <\/em><\/p>\n<p>Visto en <a href=\"http:\/\/blogs.periodistadigital.com\/\">Periodista Digital<\/a><\/p>\n<p><a id=\"more17915\" name=\"more17915\"><\/a><\/p>\n","protected":false},"excerpt":{"rendered":"<p>El gran cantautor y poeta catal\u00e1n Joan Manuel Serrat ya es doctor honoris causa por la Universidad Complutense. En el emotivo acto, en el que le brindaron grandes elogios, Madrid y Catalu\u00f1a se unieron gracias al reci\u00e9n nombrado doctor catal\u00e1n que afirmo ser catal\u00e1n mestizo, con dos lenguas a la vez y sin estar loco. [&hellip;]<\/p>\n","protected":false},"author":1,"featured_media":0,"comment_status":"open","ping_status":"open","sticky":false,"template":"","format":"standard","meta":{"footnotes":""},"categories":[1],"tags":[],"class_list":["post-747","post","type-post","status-publish","format-standard","hentry","category-miscelanea"],"_links":{"self":[{"href":"http:\/\/aula21.net\/aulablog21\/wp-json\/wp\/v2\/posts\/747","targetHints":{"allow":["GET"]}}],"collection":[{"href":"http:\/\/aula21.net\/aulablog21\/wp-json\/wp\/v2\/posts"}],"about":[{"href":"http:\/\/aula21.net\/aulablog21\/wp-json\/wp\/v2\/types\/post"}],"author":[{"embeddable":true,"href":"http:\/\/aula21.net\/aulablog21\/wp-json\/wp\/v2\/users\/1"}],"replies":[{"embeddable":true,"href":"http:\/\/aula21.net\/aulablog21\/wp-json\/wp\/v2\/comments?post=747"}],"version-history":[{"count":0,"href":"http:\/\/aula21.net\/aulablog21\/wp-json\/wp\/v2\/posts\/747\/revisions"}],"wp:attachment":[{"href":"http:\/\/aula21.net\/aulablog21\/wp-json\/wp\/v2\/media?parent=747"}],"wp:term":[{"taxonomy":"category","embeddable":true,"href":"http:\/\/aula21.net\/aulablog21\/wp-json\/wp\/v2\/categories?post=747"},{"taxonomy":"post_tag","embeddable":true,"href":"http:\/\/aula21.net\/aulablog21\/wp-json\/wp\/v2\/tags?post=747"}],"curies":[{"name":"wp","href":"https:\/\/api.w.org\/{rel}","templated":true}]}}