{"id":7518,"date":"2014-04-02T08:53:45","date_gmt":"2014-04-02T07:53:45","guid":{"rendered":"http:\/\/aula21.net\/aulablog21\/?p=7518"},"modified":"2014-04-08T10:55:16","modified_gmt":"2014-04-08T09:55:16","slug":"2-de-abril-dia-mundial-de-concienciacion-sobre-el-autismo","status":"publish","type":"post","link":"http:\/\/aula21.net\/aulablog21\/archives\/2014\/04\/02\/2-de-abril-dia-mundial-de-concienciacion-sobre-el-autismo\/","title":{"rendered":"2 de abril, D\u00eda Mundial de Concienciaci\u00f3n sobre el Autismo"},"content":{"rendered":"<p>Campa\u00f1a promovida desde diversos medios a los que me uno, entre ellos el blog <a title=\"Acceder\" href=\"http:\/\/elsonidodelahierbaelcrecer.blogspot.com.es\/2011\/09\/autismo-sin-mitos-ni-usos-peyorativos.html?spref=fb\" target=\"_blank\">El sonido de la hierba al crecer<\/a><\/p>\n<table class=\"tr-caption-container\" style=\"margin-left: auto; margin-right: auto; text-align: center;\" cellspacing=\"0\" cellpadding=\"0\">\n<tbody>\n<tr>\n<td style=\"text-align: center;\"><a style=\"clear: left; margin-bottom: 1em; margin-left: auto; margin-right: auto;\" href=\"http:\/\/4.bp.blogspot.com\/-QvIVHCpoaSs\/TmXceu0FMTI\/AAAAAAAAHXc\/4WlXBIANKy8\/s1600\/Mensaje+2+-+santiago+2.jpg\"><img loading=\"lazy\" decoding=\"async\" alt=\"\" src=\"http:\/\/4.bp.blogspot.com\/-QvIVHCpoaSs\/TmXceu0FMTI\/AAAAAAAAHXc\/4WlXBIANKy8\/s400\/Mensaje+2+-+santiago+2.jpg\" width=\"400\" height=\"326\" border=\"0\" \/><\/a><\/td>\n<\/tr>\n<tr>\n<td class=\"tr-caption\" style=\"text-align: center;\">Ilustraci\u00f3n de Santiago Ogaz\u00f3n<\/td>\n<\/tr>\n<\/tbody>\n<\/table>\n<p>Se sigue utilizando el t\u00e9rmino \u201cautismo\u201d asociado a connotaciones negativas porque se parte de mitos e informaciones falsas como:<\/p>\n<p>&#8211; las personas con autismo no pueden interactuar o comunicarse<\/p>\n<p>&#8211; las personas con autismo viven en su mundo<\/p>\n<p>&#8211; las personas con autismo son incapaces de sentir, etc.<\/p>\n<p>Y ello da pie a que cada vez m\u00e1s periodistas, pol\u00edticos o l\u00edderes de opini\u00f3n se sumen al uso abusivo del t\u00e9rmino \u201cautista\u201d para descalificar. Es decir, leemos en los medios de comunicaci\u00f3n o escuchamos en boca de pol\u00edticos \u00abgobierno autista\u00bb o \u00abfulanito es autista\u00bb cuando quieren expresar que ese gobierno o esa persona no cumple con su trabajo, no escucha, no se entera de la realidad, no muestra empat\u00eda con los problemas, es incapaz de ofrecer soluciones o carece de sentimientos.<\/p>\n<p>\u00bfPor qu\u00e9 hace falta recurrir \u2013y herir con ello la dignidad- a un colectivo de personas para atacar y descalificar a otra persona o colectivo?<!--more--><\/p>\n<p>Entendemos que no hay mala intenci\u00f3n, sino desconocimiento o mal uso del diccionario. Convivir con el autismo implica tambi\u00e9n una importante labor de concienciaci\u00f3n en la sociedad: convenceremos siempre desde el respeto. Lo desconocido, adem\u00e1s de asustar, alienta la difusi\u00f3n de informaciones falsas. Tenemos que dar a conocer la visi\u00f3n positiva del autismo a la par de fomentar un tratamiento digno para todos los afectados. Un gran trabajo por delante.<\/p>\n<table class=\"tr-caption-container\" style=\"margin-left: auto; margin-right: auto; text-align: center;\" cellspacing=\"0\" cellpadding=\"0\">\n<tbody>\n<tr>\n<td style=\"text-align: center;\"><a style=\"clear: left; margin-bottom: 1em; margin-left: auto; margin-right: auto;\" href=\"http:\/\/1.bp.blogspot.com\/-psqktYMouEI\/TmXdAFbl7jI\/AAAAAAAAHXk\/S8h-4lwOmGE\/s1600\/326046_2262809885254_1098682471_32596113_2329048_o.jpg\"><img loading=\"lazy\" decoding=\"async\" alt=\"\" src=\"http:\/\/1.bp.blogspot.com\/-psqktYMouEI\/TmXdAFbl7jI\/AAAAAAAAHXk\/S8h-4lwOmGE\/s400\/326046_2262809885254_1098682471_32596113_2329048_o.jpg\" width=\"400\" height=\"300\" border=\"0\" \/><\/a><\/td>\n<\/tr>\n<tr>\n<td class=\"tr-caption\" style=\"text-align: center;\">Ilustraci\u00f3n de F\u00e1tima Collado<\/td>\n<\/tr>\n<\/tbody>\n<\/table>\n<p>Autismo no es sin\u00f3nimo de personas indiferentes que viven aisladas en su mundo. Las personas con autismo sienten, interact\u00faan, se comunican \u2013con o sin lenguaje-, comparten, son luchadores natos que se esfuerzan a diario y les es dif\u00edcil entender la iron\u00eda, los juegos de palabras o la mentira \u2013pero hasta eso aprenden en muchos casos con la estimulaci\u00f3n adecuada-. Si se conociera la realidad del autismo, a nadie se le ocurrir\u00eda m\u00e1s que asociarlo con \u201csuperaci\u00f3n\u201d, \u201cesfuerzo\u201d, \u201cnobleza\u201d, \u201ccari\u00f1o\u201d o \u201csensibilidad\u201d.<\/p>\n<p>La prevalencia del autismo hoy en d\u00eda es lo suficientemente significativa como para promover acciones de informaci\u00f3n y sensibilizaci\u00f3n, con afirmaciones que se apoyen en evidencias cient\u00edficas y ajustadas a la realidad. Seg\u00fan el Instituto de Salud Carlos III, uno de cada 150 ni\u00f1os presenta alg\u00fan trastorno dentro del espectro. Hay m\u00e1s de 200.000 afectados en Espa\u00f1a y 67 millones en todo el mundo. Hoy en d\u00eda, los avances se producen siempre y, muchas veces, a pasos de gigante. Con una estimulaci\u00f3n adecuada, cuanto m\u00e1s intensa mejor, evolucionan hacia metas impensables hace unos a\u00f1os. Por eso, debemos luchar todos juntos para favorecer la inclusi\u00f3n.<\/p>\n<div style=\"color: blue;\"><span style=\"font-size: large;\"><b>\u00bfQu\u00e9 es el autismo?<\/b><\/span><\/div>\n<p>&nbsp;<\/p>\n<table class=\"tr-caption-container\" style=\"margin-left: auto; margin-right: auto; text-align: center;\" cellspacing=\"0\" cellpadding=\"0\" align=\"center\">\n<tbody>\n<tr>\n<td style=\"text-align: center;\"><a style=\"margin-left: auto; margin-right: auto;\" href=\"http:\/\/1.bp.blogspot.com\/-vb_aBpEy22w\/TmXdYX20qCI\/AAAAAAAAHXs\/TF6K9f_P0SE\/s1600\/otro%2Bmensaje%2B2.jpg\"><img loading=\"lazy\" decoding=\"async\" alt=\"\" src=\"http:\/\/1.bp.blogspot.com\/-vb_aBpEy22w\/TmXdYX20qCI\/AAAAAAAAHXs\/TF6K9f_P0SE\/s400\/otro%2Bmensaje%2B2.jpg\" width=\"400\" height=\"187\" border=\"0\" \/><\/a><\/td>\n<\/tr>\n<tr>\n<td class=\"tr-caption\" style=\"text-align: center;\">Ilustraci\u00f3n de F\u00e1tima Collado<\/td>\n<\/tr>\n<\/tbody>\n<\/table>\n<p>El autismo es un <span style=\"text-decoration: underline;\"><b>s\u00edndrome <\/b>con un espectro muy amplio, no una enfermedad.<\/span> Afecta de forma diferente, as\u00ed que no hay dos personas con autismo iguales y por eso no se puede nunca generalizar. Las \u00e1reas en las que se manifiesta son:<\/p>\n<p>\u2022Dificultades \u2013no incapacidad- en el lenguaje y la comunicaci\u00f3n. Encontraremos personas que no hablan pero se comunican con gestos o pictogramas, y personas capaces de dominar varios idiomas.<\/p>\n<p>\u2022Dificultades \u2013no incapacidad- en las relaciones sociales. Encontraremos personas que eluden el contacto visual o se aturden en ambientes ruidosos, y personas que ofrecen conferencias.<\/p>\n<p>\u2022Intereses restringidos y repetitivos, que con una buena estimulaci\u00f3n pueden ampliarse siempre.<\/p>\n<p>Al igual que todos los seres humanos, la posible realizaci\u00f3n de las personas con espectro autista es ilimitada. Las personas con Trastornos del Espectro Autista (TEA) comparten muchas caracter\u00edsticas, necesidades y deseos con las personas de su edad sin autismo. Hay muchas cosas que diferencian a las personas con TEA, pero tambi\u00e9n hay muchas cosas en com\u00fan. Como todos nosotros, tienen sus puntos fuertes y sus puntos d\u00e9biles. Todos somos diferentes, pero todos tenemos los mismos derechos.<\/p>\n<div style=\"color: blue;\"><span style=\"font-size: large;\"><b>Los mitos que se deben evitar<\/b><\/span><\/div>\n<p>&nbsp;<\/p>\n<table class=\"tr-caption-container\" style=\"margin-left: auto; margin-right: auto; text-align: center;\" cellspacing=\"0\" cellpadding=\"0\" align=\"center\">\n<tbody>\n<tr>\n<td style=\"text-align: center;\"><a style=\"margin-left: auto; margin-right: auto;\" href=\"http:\/\/4.bp.blogspot.com\/-2HdzCymN9ek\/TmXduse2frI\/AAAAAAAAHX0\/MzlRVIItFWg\/s1600\/otro%2Bmensaje.jpg\"><img loading=\"lazy\" decoding=\"async\" alt=\"\" src=\"http:\/\/4.bp.blogspot.com\/-2HdzCymN9ek\/TmXduse2frI\/AAAAAAAAHX0\/MzlRVIItFWg\/s400\/otro%2Bmensaje.jpg\" width=\"400\" height=\"175\" border=\"0\" \/><\/a><\/td>\n<\/tr>\n<tr>\n<td class=\"tr-caption\" style=\"text-align: center;\">Ilustraci\u00f3n de F\u00e1tima Collado<\/td>\n<\/tr>\n<\/tbody>\n<\/table>\n<p>\u2022<b>Carencia de sentimientos.<\/b> Las personas con autismo sienten: lloran, se r\u00eden, se alegran, se entristecen, se enfadan, sienten celos\u2026 En ocasiones pueden tener dificultades para canalizar las emociones, pero saben demostrar que las sienten.<\/p>\n<p>\u2022<b>Aislamiento en su propio mundo<\/b>. Los esfuerzos por comunicarse son grandiosos. Ni viven en otra galaxia ni mirando a una pared. Forman parte del mundo, una sociedad donde hay cabida para la diversidad.<\/p>\n<p>\u2022<b>La falta del cari\u00f1o de los padres provoca el autismo<\/b>. Hace ya mucho tiempo que se erradic\u00f3 la teor\u00eda de las \u201cmadres-nevera\u201d, que tanto da\u00f1o ha provocado. Se nace con autismo. Es decir, hay un origen gen\u00e9tico.<\/p>\n<p><b>\u2022Las personas con autismo tienen discapacidad intelectual o, por el contrario, son capaces de habilidades prodigiosas. <\/b>En realidad, el retraso mental es una comorbilidad, no una condici\u00f3n propia del autismo. Hay personas con autismo que adem\u00e1s tienen discapacidad intelectual y las hay tambi\u00e9n que no la tienen; las hay que tienen capacidades asombrosas, y las hay que no las tienen. Pero necesitamos todo tipo de mentes, sin discriminar a nadie.<\/p>\n<p>\u2022<b>La inevitable segregaci\u00f3n.<\/b> Debe desterrarse la falsa creencia de que las personas con autismo s\u00f3lo pueden vivir o desarrollarse en centros segregados, sin relaci\u00f3n con el resto de las personas, no con la intenci\u00f3n de marginarlas, sino de protegerlas. Esto en ning\u00fan caso debe ser as\u00ed. Al contrario, la inclusi\u00f3n social es una de las claves para lograr una mejora de la calidad de vida de las personas con TEA y un factor esencial para incrementar sus capacidades de adaptaci\u00f3n, su desarrollo personal y su calidad de vida. Con los apoyos adecuados, las personas con TEA pueden aprovechar las oportunidades de participaci\u00f3n en entornos ordinarios, lo que favorece que puedan disfrutar de una vida social integrada y normalizada, y contribuye a su desarrollo personal.<\/p>\n<p>\u2022<b>La infancia permanente<\/b>. Con demasiada frecuencia, los medios hablan de \u00abni\u00f1os autistas\u00bb, pero casi nunca de \u00abadultos autistas\u00bb. Es necesario que la sociedad conozca y entienda tanto a los ni\u00f1os como a los adultos afectados por autismo.<\/p>\n<p>\u2022 <b>Son autistas<\/b>. Mejor emplear la f\u00f3rmula \u00abpersona con autismo\u00bb en lugar de utilizar simplemente la palabra \u00abautista\u00bb. As\u00ed se pone de relieve la condici\u00f3n de persona, con sus caracter\u00edsticas y diferencias, independientes del autismo. Adem\u00e1s, definir a una persona por una discapacidad es una forma de discriminaci\u00f3n.<\/p>\n<p>\u2022<b>Definici\u00f3n de los diccionarios<\/b>. El uso del autismo asociado a connotaciones negativas se escuda en ocasiones en la definici\u00f3n que aparece en los diccionarios, sobre todo el DRAE. Hace ya m\u00e1s de un a\u00f1o que iniciamos una campa\u00f1a con respuestas positivas en el sentido de que van a cambiar la definici\u00f3n, aunque llevar\u00e1 su tiempo (ver: <a href=\"http:\/\/autismosinmitos.blogspot.com\/p\/campana-diccionarios.html\">http:\/\/autismosinmitos.blogspot.com\/p\/campana-diccionarios.html<\/a>)<\/p>\n<div id=\"__ss_9044065\" style=\"width: 425px;\">\n<p><b style=\"display: block; margin: 12px 0 4px;\"><a title=\"Etiquetas y mitos\" href=\"http:\/\/www.slideshare.net\/Maestrapt\/etiquetas-y-mitos\" target=\"_blank\">Etiquetas y mitos<\/a><\/b> <iframe loading=\"lazy\" src=\"http:\/\/www.slideshare.net\/slideshow\/embed_code\/9044065\" height=\"355\" width=\"425\" frameborder=\"0\" marginwidth=\"0\" marginheight=\"0\" scrolling=\"no\"><\/iframe><\/p>\n<div style=\"padding: 5px 0 12px;\">View more <a href=\"http:\/\/www.slideshare.net\/\" target=\"_blank\">presentations<\/a> from <a href=\"http:\/\/www.slideshare.net\/Maestrapt\" target=\"_blank\">Almu G. Negrete<\/a><\/div>\n<\/div>\n<p>&nbsp;<\/p>\n<table class=\"tr-caption-container\" style=\"margin-left: auto; margin-right: auto; text-align: center;\" cellspacing=\"0\" cellpadding=\"0\">\n<tbody>\n<tr>\n<td style=\"text-align: center;\"><a style=\"clear: left; margin-bottom: 1em; margin-left: auto; margin-right: auto;\" href=\"http:\/\/1.bp.blogspot.com\/-iSvYQ5QlqsU\/TmXeBDod8dI\/AAAAAAAAHX8\/DegewRhgRqc\/s1600\/312300_1957915353501_1411273638_31799573_8239393_n.jpg\"><img loading=\"lazy\" decoding=\"async\" alt=\"\" src=\"http:\/\/1.bp.blogspot.com\/-iSvYQ5QlqsU\/TmXeBDod8dI\/AAAAAAAAHX8\/DegewRhgRqc\/s400\/312300_1957915353501_1411273638_31799573_8239393_n.jpg\" width=\"400\" height=\"290\" border=\"0\" \/><\/a><\/td>\n<\/tr>\n<tr>\n<td class=\"tr-caption\" style=\"text-align: center;\">Ilustraci\u00f3n de F\u00e1tima Collado<\/td>\n<td class=\"tr-caption\" style=\"text-align: center;\"><\/td>\n<td class=\"tr-caption\" style=\"text-align: center;\"><\/td>\n<\/tr>\n<\/tbody>\n<\/table>\n<p>&nbsp;<\/p>\n<table class=\"tr-caption-container\" style=\"margin-left: auto; margin-right: auto; text-align: center;\" cellspacing=\"0\" cellpadding=\"0\" align=\"center\">\n<tbody>\n<tr>\n<td style=\"text-align: center;\"><a style=\"margin-left: auto; margin-right: auto;\" href=\"http:\/\/1.bp.blogspot.com\/-xsumJl40jQI\/TmXe_PvR1iI\/AAAAAAAAHYE\/IhdH-4ZVydc\/s1600\/pensando%252Bcopia.jpg\"><img loading=\"lazy\" decoding=\"async\" alt=\"\" src=\"http:\/\/1.bp.blogspot.com\/-xsumJl40jQI\/TmXe_PvR1iI\/AAAAAAAAHYE\/IhdH-4ZVydc\/s400\/pensando%252Bcopia.jpg\" width=\"400\" height=\"341\" border=\"0\" \/><\/a><\/td>\n<\/tr>\n<tr>\n<td class=\"tr-caption\" style=\"text-align: center;\">Ilustraci\u00f3n de Santiago Ogaz\u00f3n.<\/td>\n<\/tr>\n<\/tbody>\n<\/table>\n<p>RECUERDA: <b style=\"color: blue;\">\u00abLas personas con autismo s\u00ed nos comunicamos, nos esforzamos a diario, sentimos y no somos ni indiferentes ni vivimos en nuestro mundo. Con o sin lenguaje, tenemos mucho que decir. Esc\u00fachanos y con\u00f3cenos en lugar de difundir mitos o utilizar \u201cautismo\u201d para descalificar a otras personas\u00bb.<\/b><\/p>\n<table class=\"tr-caption-container\" style=\"margin-left: auto; margin-right: auto; text-align: center;\" cellspacing=\"0\" cellpadding=\"0\" align=\"center\">\n<tbody>\n<tr>\n<td style=\"text-align: center;\"><a style=\"margin-left: auto; margin-right: auto;\" href=\"http:\/\/3.bp.blogspot.com\/-lFyzFDyEG0s\/TmXgwd5-G5I\/AAAAAAAAHYM\/gYDDprp-2W0\/s1600\/262528_1960748864337_1411273638_31804277_1031607_n.jpg\"><img loading=\"lazy\" decoding=\"async\" alt=\"\" src=\"http:\/\/3.bp.blogspot.com\/-lFyzFDyEG0s\/TmXgwd5-G5I\/AAAAAAAAHYM\/gYDDprp-2W0\/s640\/262528_1960748864337_1411273638_31804277_1031607_n.jpg\" width=\"467\" height=\"640\" border=\"0\" \/><\/a><\/td>\n<\/tr>\n<tr>\n<td class=\"tr-caption\" style=\"text-align: center;\">Ilustraci\u00f3n de F\u00e1tima Collado<\/td>\n<\/tr>\n<\/tbody>\n<\/table>\n","protected":false},"excerpt":{"rendered":"<p>Campa\u00f1a promovida desde diversos medios a los que me uno, entre ellos el blog El sonido de la hierba al crecer Ilustraci\u00f3n de Santiago Ogaz\u00f3n Se sigue utilizando el t\u00e9rmino \u201cautismo\u201d asociado a connotaciones negativas porque se parte de mitos e informaciones falsas como: &#8211; las personas con autismo no pueden interactuar o comunicarse &#8211; [&hellip;]<\/p>\n","protected":false},"author":1,"featured_media":0,"comment_status":"open","ping_status":"open","sticky":false,"template":"","format":"standard","meta":{"footnotes":""},"categories":[37,8,1],"tags":[],"class_list":["post-7518","post","type-post","status-publish","format-standard","hentry","category-colaboraciones","category-educacion_e_internet","category-miscelanea"],"_links":{"self":[{"href":"http:\/\/aula21.net\/aulablog21\/wp-json\/wp\/v2\/posts\/7518","targetHints":{"allow":["GET"]}}],"collection":[{"href":"http:\/\/aula21.net\/aulablog21\/wp-json\/wp\/v2\/posts"}],"about":[{"href":"http:\/\/aula21.net\/aulablog21\/wp-json\/wp\/v2\/types\/post"}],"author":[{"embeddable":true,"href":"http:\/\/aula21.net\/aulablog21\/wp-json\/wp\/v2\/users\/1"}],"replies":[{"embeddable":true,"href":"http:\/\/aula21.net\/aulablog21\/wp-json\/wp\/v2\/comments?post=7518"}],"version-history":[{"count":0,"href":"http:\/\/aula21.net\/aulablog21\/wp-json\/wp\/v2\/posts\/7518\/revisions"}],"wp:attachment":[{"href":"http:\/\/aula21.net\/aulablog21\/wp-json\/wp\/v2\/media?parent=7518"}],"wp:term":[{"taxonomy":"category","embeddable":true,"href":"http:\/\/aula21.net\/aulablog21\/wp-json\/wp\/v2\/categories?post=7518"},{"taxonomy":"post_tag","embeddable":true,"href":"http:\/\/aula21.net\/aulablog21\/wp-json\/wp\/v2\/tags?post=7518"}],"curies":[{"name":"wp","href":"https:\/\/api.w.org\/{rel}","templated":true}]}}