{"id":755,"date":"2006-03-20T22:01:33","date_gmt":"2006-03-20T21:01:33","guid":{"rendered":"http:\/\/127.0.0.1\/wordpress2\/index.php\/archives\/2006\/03\/20\/las-tic-como-agentes-de-innovacion-en-las-aulas\/"},"modified":"2006-03-20T22:01:33","modified_gmt":"2006-03-20T21:01:33","slug":"las-tic-como-agentes-de-innovacion-en-las-aulas","status":"publish","type":"post","link":"http:\/\/aula21.net\/aulablog21\/archives\/2006\/03\/20\/las-tic-como-agentes-de-innovacion-en-las-aulas\/","title":{"rendered":"Las TIC como agentes de innovaci\u00f3n en las aulas"},"content":{"rendered":"<p><a href=\"http:\/\/www.juntadeandalucia.es\/averroes\/publicaciones\/tic_agente_innovador.php3\">Las TIC como agentes de innovaci\u00f3n en las aulas<\/a> es el t\u00edtulo de un libro editado por\u00a0la Consejer\u00eda de Educaci\u00f3n de la Junta de Andaluc\u00eda\u00a0en el que se dan diferentes pautas para la utilizaci\u00f3n de las TIC como agentes de innovaci\u00f3n en las aulas Ha sido realizado por tres profesores de M\u00e1laga uno de los cuales es coordinador TIC del <a href=\"http:\/\/www.iestorredelprado.net\/bitacora\">IES Torre del Prado<\/a>. <br \/>Agradezco la menci\u00f3n que hacen de mis p\u00e1ginas, asimismo mencionan entre otros a <a href=\"http:\/\/www.adelat.org\/\">Anibal<\/a>, <a href=\"http:\/\/www.auladeletras.net\/\">Jose Mar\u00eda<\/a>, <a href=\"www.iesmariademolina.org\/blog\">Jos\u00e9 Cuerva<\/a>,\u00a0<a href=\"http:\/\/www.aulablog.com\/\">Aulablog.com<\/a>\u00a0y <a href=\"http:\/\/www.boulesis.com\/\">Boulesis<\/a>.<\/p>\n<p>El cap\u00edtulo 13 se titula Weblogs en el \u00e1rea de Lengua. <a href=\"http:\/\/www.juntadeandalucia.es\/averroes\/publicaciones\/nntt\/TIC_como_agentes_innovacion.pdf\">Un magn\u00edfico trabajo de 219 p\u00e1ginas en pdf sin desperdicio<\/a>.<\/p>\n","protected":false},"excerpt":{"rendered":"<p>Las TIC como agentes de innovaci\u00f3n en las aulas es el t\u00edtulo de un libro editado por\u00a0la Consejer\u00eda de Educaci\u00f3n de la Junta de Andaluc\u00eda\u00a0en el que se dan diferentes pautas para la utilizaci\u00f3n de las TIC como agentes de innovaci\u00f3n en las aulas Ha sido realizado por tres profesores de M\u00e1laga uno de los [&hellip;]<\/p>\n","protected":false},"author":1,"featured_media":0,"comment_status":"open","ping_status":"open","sticky":false,"template":"","format":"standard","meta":{"footnotes":""},"categories":[8,2],"tags":[],"class_list":["post-755","post","type-post","status-publish","format-standard","hentry","category-educacion_e_internet","category-weblogs_en_el_aula"],"_links":{"self":[{"href":"http:\/\/aula21.net\/aulablog21\/wp-json\/wp\/v2\/posts\/755","targetHints":{"allow":["GET"]}}],"collection":[{"href":"http:\/\/aula21.net\/aulablog21\/wp-json\/wp\/v2\/posts"}],"about":[{"href":"http:\/\/aula21.net\/aulablog21\/wp-json\/wp\/v2\/types\/post"}],"author":[{"embeddable":true,"href":"http:\/\/aula21.net\/aulablog21\/wp-json\/wp\/v2\/users\/1"}],"replies":[{"embeddable":true,"href":"http:\/\/aula21.net\/aulablog21\/wp-json\/wp\/v2\/comments?post=755"}],"version-history":[{"count":0,"href":"http:\/\/aula21.net\/aulablog21\/wp-json\/wp\/v2\/posts\/755\/revisions"}],"wp:attachment":[{"href":"http:\/\/aula21.net\/aulablog21\/wp-json\/wp\/v2\/media?parent=755"}],"wp:term":[{"taxonomy":"category","embeddable":true,"href":"http:\/\/aula21.net\/aulablog21\/wp-json\/wp\/v2\/categories?post=755"},{"taxonomy":"post_tag","embeddable":true,"href":"http:\/\/aula21.net\/aulablog21\/wp-json\/wp\/v2\/tags?post=755"}],"curies":[{"name":"wp","href":"https:\/\/api.w.org\/{rel}","templated":true}]}}