{"id":766,"date":"2006-03-25T12:34:45","date_gmt":"2006-03-25T11:34:45","guid":{"rendered":"http:\/\/127.0.0.1\/wordpress2\/index.php\/archives\/2006\/03\/25\/programa-prensa-escuela-de-la-voz-de-galicia\/"},"modified":"2006-03-25T13:11:59","modified_gmt":"2006-03-25T12:11:59","slug":"programa-prensa-escuela-de-la-voz-de-galicia","status":"publish","type":"post","link":"http:\/\/aula21.net\/aulablog21\/archives\/2006\/03\/25\/programa-prensa-escuela-de-la-voz-de-galicia\/","title":{"rendered":"Programa Prensa-Escuela de la Voz de Galicia"},"content":{"rendered":"<p>El diario <a href=\"http:\/\/www.lavozdegalicia.es\/inicio\/index.htm\">La Voz de Galicia<\/a>\u00a0tiene un Programa Prensa-Escuela al que cerca de 27.000 alumnos y m\u00e1s de 800 profesores de 1.377 aulas, pertenecientes a 386 colegios de toda Galicia se han unido este a\u00f1o.<\/p>\n<p>En esta edici\u00f3n se ha querido potenciar el aprendizaje de los alumnos con las herramientas que ofrece Internet y para ello\u00a0han creado <a href=\"http:\/\/www.lavozdegalicia.es\/vozescuela\/index.jsp\">este\u00a0espacio en la edici\u00f3n digital de \u00abLa Voz de Galicia\u00bb,<\/a>\u00a0 donde se pueden encontrar recursos para trabajar con el peri\u00f3dico y todas las novedades relacionadas con el Programa Prensa-Escuela. En esta inmersi\u00f3n en las nuevas tecnolog\u00edas, tambi\u00e9n\u00a0 han preparado los Cuadernos Digitales, (asi denominan a los blogs )\u00a0\u00a0con los que cada aula podr\u00e1 escribir su \u00abdiario de a bordo\u00bb y reflejar su proyecto educativo. <br \/><a href=\"http:\/\/www.lavozdegalicia.es\/vozescuela\/noticia.jsp?CAT=39158&#038;TEXTO=100000090328\">Ver directorio de blogs.<\/a>\u00a0Para saber m\u00e1s: <a href=\"http:\/\/www.lavozdegalicia.es\/vozescuela\/noticia.jsp?CAT=39158&#038;TEXTO=4473225\">leer El diario de la Clase en la red<\/a>\u00a0y <a href=\"http:\/\/blogs.lavozdelaescuela.es\/blog\/guiaalumnos\/\">Gu\u00eda de alumnos.<\/a><\/p>\n<p>El sistema empleado para gestionar los blogs es <a href=\"http:\/\/wiki.blojsom.com\/wiki\/display\/blojsom\/About+blojsom\">Blojsom<\/a>.<br \/>Esperemos que pronto\u00a0 m\u00e1s diarios con medios y prestigio como El Mundo, El Pa\u00eds etc tomen nota de esta iniciativa y proporcionen herramientas para crear blog a los alumnos y profesores de toda\u00a0Espa\u00f1a, si se animan no dejen de contar con el asesoramiento <a href=\"http:\/\/www.aulablog.com\/lista-de-usuarios-as\/\">del equipo de expertos de Aulablog.com<\/a>.<\/p>\n<p>En Extremadura por ejemplo <a href=\"http:\/\/servicios.hoy.es\/datos\/concursodigital\/bases\/faq.php\">el diario HOY tiene un concurso<\/a> en el que los alumnos\u00a0elaboran un peri\u00f3dico\u00a0 \u00bfpor qu\u00e9 no se animan y el pr\u00f3ximo a\u00f1o permiten participar en formato blog?<\/p>\n<p>Desinteresadamente me ofrezco para poner en marcha la idea, lo tienen muy f\u00e1cil pues el Diario HOY ya ofrece a sus lectores <a href=\"http:\/\/blogs.hoy.es\/\">un servicio gratuito de creaci\u00f3n de blogs<\/a>.<\/p>\n<p><\/p>\n","protected":false},"excerpt":{"rendered":"<p>El diario La Voz de Galicia\u00a0tiene un Programa Prensa-Escuela al que cerca de 27.000 alumnos y m\u00e1s de 800 profesores de 1.377 aulas, pertenecientes a 386 colegios de toda Galicia se han unido este a\u00f1o. En esta edici\u00f3n se ha querido potenciar el aprendizaje de los alumnos con las herramientas que ofrece Internet y para [&hellip;]<\/p>\n","protected":false},"author":1,"featured_media":0,"comment_status":"open","ping_status":"open","sticky":false,"template":"","format":"standard","meta":{"footnotes":""},"categories":[8,2],"tags":[],"class_list":["post-766","post","type-post","status-publish","format-standard","hentry","category-educacion_e_internet","category-weblogs_en_el_aula"],"_links":{"self":[{"href":"http:\/\/aula21.net\/aulablog21\/wp-json\/wp\/v2\/posts\/766","targetHints":{"allow":["GET"]}}],"collection":[{"href":"http:\/\/aula21.net\/aulablog21\/wp-json\/wp\/v2\/posts"}],"about":[{"href":"http:\/\/aula21.net\/aulablog21\/wp-json\/wp\/v2\/types\/post"}],"author":[{"embeddable":true,"href":"http:\/\/aula21.net\/aulablog21\/wp-json\/wp\/v2\/users\/1"}],"replies":[{"embeddable":true,"href":"http:\/\/aula21.net\/aulablog21\/wp-json\/wp\/v2\/comments?post=766"}],"version-history":[{"count":0,"href":"http:\/\/aula21.net\/aulablog21\/wp-json\/wp\/v2\/posts\/766\/revisions"}],"wp:attachment":[{"href":"http:\/\/aula21.net\/aulablog21\/wp-json\/wp\/v2\/media?parent=766"}],"wp:term":[{"taxonomy":"category","embeddable":true,"href":"http:\/\/aula21.net\/aulablog21\/wp-json\/wp\/v2\/categories?post=766"},{"taxonomy":"post_tag","embeddable":true,"href":"http:\/\/aula21.net\/aulablog21\/wp-json\/wp\/v2\/tags?post=766"}],"curies":[{"name":"wp","href":"https:\/\/api.w.org\/{rel}","templated":true}]}}