{"id":768,"date":"2006-03-26T19:46:06","date_gmt":"2006-03-26T18:46:06","guid":{"rendered":"http:\/\/127.0.0.1\/wordpress2\/index.php\/archives\/2006\/03\/26\/se-agradece-y-mas-blogs\/"},"modified":"2006-03-26T19:50:34","modified_gmt":"2006-03-26T18:50:34","slug":"se-agradece-y-mas-blogs","status":"publish","type":"post","link":"http:\/\/aula21.net\/aulablog21\/archives\/2006\/03\/26\/se-agradece-y-mas-blogs\/","title":{"rendered":"Se agradece &#8230;. y m\u00e1s blogs"},"content":{"rendered":"<p class=\"Estilo3\" align=\"justify\">Ultimamente me he quejado que a nivel institucional mi trabajo ha sido poco reconocido en mi tierra pero no cuento que mucha gente me escribe felicit\u00e1ndome. Hoy viendo mi <a href=\"http:\/\/www.sitemeter.com\/\">nuevo sistema de estad\u00edsticas<\/a> gratuito veo que me enlazan desde <a href=\"http:\/\/www.educa.madrid.org\/web\/cap.madridcentro\/archivos\/martesaula\/32.htm#a31\">esta p\u00e1gina<\/a>\u00a0en la que leo con emoci\u00f3n:<\/p>\n<p class=\"Estilo3\" align=\"justify\"><em>Y&#8230; nuestro querido <span class=\"Estilo2\">Francisco Mu\u00f1oz<\/span>\u00a0<\/em><a href=\"\/aulablog21\" target=\"_blank\"><\/a><em> que ha sido un poco el pionero y el que ha creado escuela en este particular empuje a la ense\u00f1anza con internet en el que nos ha involucrado a muchos desde su instituto de Almendralejo. Su bit\u00e1cora de referencia <a href=\"\/aulablog21\">Aulablog21<\/a>\u00a0(tiene otras que emplea con los chicos) recibe del orden de visitas mensuales.<\/em><\/p>\n<p class=\"Estilo3\" align=\"justify\">Mira por donde en\u00a0dicha p\u00e1gina podemos ver una presentaci\u00f3n en ppt titulada <a href=\"http:\/\/www.educa.madrid.org\/binary\/289\/Los%20Blogs%20y%20la%20Clase%20de%20Idiomas.ppt\">Los Blogs y la clase de idiomas<\/a>\u00a0y gracias a ella he conocido diversos blogs<em>:<\/em><\/p>\n<ul>\n<li>\n<div class=\"Estilo3\" align=\"justify\"><a href=\"http:\/\/blogs.ya.com\/fbazaga\/\">Diario de un profesor de Ingl\u00e9s<\/a>. &quot;Me llamo Paco Bazaga Calder\u00f3n. Soy profesor de la Escuela Oficial de Idiomas de Madrid (Jes\u00fas Maestro)&quot;, adem\u00e1s tiene <a href=\"http:\/\/bazaga.diariogratis.com\/blog\/8781\">este otro blog<\/a>\u00a0 <\/div>\n<\/li>\n<li>\n<div class=\"Estilo3\" align=\"justify\"><a href=\"http:\/\/www.uc3m.es\/uc3m\/gral\/ES\/ESID\/FRA\/BLOGS.html\">P\u00e1gina en la que se habla de blogs<\/a> y otras herramientas en el aprendizaje del Franc\u00e9s.<\/div>\n<\/li>\n<li>\n<div class=\"Estilo3\" align=\"justify\"><a href=\"http:\/\/www.e-scuela.org\/\">e-scuela<\/a><\/div>\n<\/li>\n<\/ul>\n","protected":false},"excerpt":{"rendered":"<p>Ultimamente me he quejado que a nivel institucional mi trabajo ha sido poco reconocido en mi tierra pero no cuento que mucha gente me escribe felicit\u00e1ndome. Hoy viendo mi nuevo sistema de estad\u00edsticas gratuito veo que me enlazan desde esta p\u00e1gina\u00a0en la que leo con emoci\u00f3n: Y&#8230; nuestro querido Francisco Mu\u00f1oz\u00a0 que ha sido un [&hellip;]<\/p>\n","protected":false},"author":1,"featured_media":0,"comment_status":"open","ping_status":"open","sticky":false,"template":"","format":"standard","meta":{"footnotes":""},"categories":[7,2],"tags":[],"class_list":["post-768","post","type-post","status-publish","format-standard","hentry","category-personal","category-weblogs_en_el_aula"],"_links":{"self":[{"href":"http:\/\/aula21.net\/aulablog21\/wp-json\/wp\/v2\/posts\/768","targetHints":{"allow":["GET"]}}],"collection":[{"href":"http:\/\/aula21.net\/aulablog21\/wp-json\/wp\/v2\/posts"}],"about":[{"href":"http:\/\/aula21.net\/aulablog21\/wp-json\/wp\/v2\/types\/post"}],"author":[{"embeddable":true,"href":"http:\/\/aula21.net\/aulablog21\/wp-json\/wp\/v2\/users\/1"}],"replies":[{"embeddable":true,"href":"http:\/\/aula21.net\/aulablog21\/wp-json\/wp\/v2\/comments?post=768"}],"version-history":[{"count":0,"href":"http:\/\/aula21.net\/aulablog21\/wp-json\/wp\/v2\/posts\/768\/revisions"}],"wp:attachment":[{"href":"http:\/\/aula21.net\/aulablog21\/wp-json\/wp\/v2\/media?parent=768"}],"wp:term":[{"taxonomy":"category","embeddable":true,"href":"http:\/\/aula21.net\/aulablog21\/wp-json\/wp\/v2\/categories?post=768"},{"taxonomy":"post_tag","embeddable":true,"href":"http:\/\/aula21.net\/aulablog21\/wp-json\/wp\/v2\/tags?post=768"}],"curies":[{"name":"wp","href":"https:\/\/api.w.org\/{rel}","templated":true}]}}