{"id":770,"date":"2006-03-29T15:09:56","date_gmt":"2006-03-29T14:09:56","guid":{"rendered":"http:\/\/127.0.0.1\/wordpress2\/index.php\/archives\/2006\/03\/29\/una-nueva-pagina-web-vela-por-el-buen-uso-del-espanol\/"},"modified":"2006-03-29T15:09:56","modified_gmt":"2006-03-29T14:09:56","slug":"una-nueva-pagina-web-vela-por-el-buen-uso-del-espanol","status":"publish","type":"post","link":"http:\/\/aula21.net\/aulablog21\/archives\/2006\/03\/29\/una-nueva-pagina-web-vela-por-el-buen-uso-del-espanol\/","title":{"rendered":"Una nueva p\u00e1gina web vela por el buen uso del espa\u00f1ol"},"content":{"rendered":"<p>La Oficina de Correcci\u00f3n del Espa\u00f1ol, ABRA, ha inaugurado <a href=\"http:\/\/www.abra.es\">un nuevo espacio en Internet destinado<\/a> a proteger el buen uso del espa\u00f1ol, en el que se ofrecer\u00e1n &quot;soluciones inmediatas&quot; a las dudas que se puedan presentar al hablar o escribir este idioma, utilizado por m\u00e1s de 400 millones de personas en el mundo. <\/p>\n<p>Seg\u00fan\u00a0la Oficina de Correcci\u00f3n del Espa\u00f1ol, &quot;Abra.es&quot; nace con el prop\u00f3sito de &quot;crear inquietud y afici\u00f3n por el uso correcto del idioma&quot;, adem\u00e1s de &quot;fomentar el debate y la consulta&quot;, con la incorporaci\u00f3n de art\u00edculos y colaboraciones de prestigiosos fil\u00f3logos. <\/p>\n<p>La nueva web, atenta a la evoluci\u00f3n del idioma que recogen las diferentes Academias de la Lengua Espa\u00f1ola en todo el mundo, se har\u00e1 eco de las denuncias acerca del mal uso del espa\u00f1ol, que los propios lectores podr\u00e1n enviar a la secci\u00f3n <a href=\"http:\/\/www.abra.es\/nw\/index.php?enlace=carcel.htm\">&quot;La c\u00e1rcel de papel&quot;<\/a>. Este espacio web, que estar\u00e1 sometido a una constante actualizaci\u00f3n, recoger\u00e1 las aportaciones, correcciones y debates de los que participen en su foro, abierto permanentemente, as\u00ed como nuevos art\u00edculos que se incluir\u00e1n peri\u00f3dicamente en las secciones &quot;El espa\u00f1ol de las dos orillas&quot;, &quot;La \u00faltima monserga&quot;, &quot;Incorrecciones l\u00e9xicas&quot;, &quot;Prontuario&quot; o &quot;El guirigay&quot;. <\/p>\n","protected":false},"excerpt":{"rendered":"<p>La Oficina de Correcci\u00f3n del Espa\u00f1ol, ABRA, ha inaugurado un nuevo espacio en Internet destinado a proteger el buen uso del espa\u00f1ol, en el que se ofrecer\u00e1n &quot;soluciones inmediatas&quot; a las dudas que se puedan presentar al hablar o escribir este idioma, utilizado por m\u00e1s de 400 millones de personas en el mundo. Seg\u00fan\u00a0la Oficina [&hellip;]<\/p>\n","protected":false},"author":1,"featured_media":0,"comment_status":"open","ping_status":"open","sticky":false,"template":"","format":"standard","meta":{"footnotes":""},"categories":[8,14],"tags":[],"class_list":["post-770","post","type-post","status-publish","format-standard","hentry","category-educacion_e_internet","category-recursos-variados"],"_links":{"self":[{"href":"http:\/\/aula21.net\/aulablog21\/wp-json\/wp\/v2\/posts\/770","targetHints":{"allow":["GET"]}}],"collection":[{"href":"http:\/\/aula21.net\/aulablog21\/wp-json\/wp\/v2\/posts"}],"about":[{"href":"http:\/\/aula21.net\/aulablog21\/wp-json\/wp\/v2\/types\/post"}],"author":[{"embeddable":true,"href":"http:\/\/aula21.net\/aulablog21\/wp-json\/wp\/v2\/users\/1"}],"replies":[{"embeddable":true,"href":"http:\/\/aula21.net\/aulablog21\/wp-json\/wp\/v2\/comments?post=770"}],"version-history":[{"count":0,"href":"http:\/\/aula21.net\/aulablog21\/wp-json\/wp\/v2\/posts\/770\/revisions"}],"wp:attachment":[{"href":"http:\/\/aula21.net\/aulablog21\/wp-json\/wp\/v2\/media?parent=770"}],"wp:term":[{"taxonomy":"category","embeddable":true,"href":"http:\/\/aula21.net\/aulablog21\/wp-json\/wp\/v2\/categories?post=770"},{"taxonomy":"post_tag","embeddable":true,"href":"http:\/\/aula21.net\/aulablog21\/wp-json\/wp\/v2\/tags?post=770"}],"curies":[{"name":"wp","href":"https:\/\/api.w.org\/{rel}","templated":true}]}}