{"id":7703,"date":"2014-07-11T09:45:24","date_gmt":"2014-07-11T08:45:24","guid":{"rendered":"http:\/\/aula21.net\/aulablog21\/?p=7703"},"modified":"2014-07-11T09:47:17","modified_gmt":"2014-07-11T08:47:17","slug":"cuadernillos-de-verano-para-diversas-areas-secundaria","status":"publish","type":"post","link":"http:\/\/aula21.net\/aulablog21\/archives\/2014\/07\/11\/cuadernillos-de-verano-para-diversas-areas-secundaria\/","title":{"rendered":"Cuadernillos de verano para diversas \u00e1reas Secundaria"},"content":{"rendered":"<p><a title=\"Acceder\" href=\"http:\/\/procomun.educalab.es\/comunidad\/procomun\/recurso\/cuadernillo-de-verano-para-secundaria\/ce7b9fe2-4baf-4b96-bfc1-bf0345068c13\" target=\"_blank\">Cuadernillos de repaso virtual<\/a> para diferentes \u00e1reas de Secundaria que los profesores podemos difundir entre padres, alumnos y docentes con un solo clic de rat\u00f3n.<br \/>\n<!--adsense--><\/p>\n<p>Para acceder a otros contenidos o propuestas solo tenemos que acceder al espacio de b\u00fasqueda de <a title=\"Acceder\" href=\"http:\/\/procomun.educalab.es\/comunidad\/procomun\" target=\"_blank\">Procom\u00fan<\/a><a title=\"Acceder\" href=\"http:\/\/procomun.educalab.es\/comunidad\/procomun\/recurso\/cuadernillo-de-verano-para-secundaria\/ce7b9fe2-4baf-4b96-bfc1-bf0345068c13\" target=\"_blank\"><img loading=\"lazy\" decoding=\"async\" class=\"aligncenter wp-image-7704 size-full\" style=\"border-width: 2px;\" src=\"http:\/\/aula21.net\/aulablog21\/wp-content\/uploads\/2014\/07\/Captura-de-pantalla-2014-07-11-a-las-10.45.15.png\" alt=\"Captura de pantalla 2014-07-11 a la(s) 10.45.15\" width=\"470\" height=\"572\" srcset=\"http:\/\/aula21.net\/aulablog21\/wp-content\/uploads\/2014\/07\/Captura-de-pantalla-2014-07-11-a-las-10.45.15.png 540w, http:\/\/aula21.net\/aulablog21\/wp-content\/uploads\/2014\/07\/Captura-de-pantalla-2014-07-11-a-las-10.45.15-247x300.png 247w\" sizes=\"auto, (max-width: 470px) 100vw, 470px\" \/><\/a>. \u00bfNos animamos a compartir o recomendar otros recursos para este verano? \u00bfNos gustar\u00eda crear otras propuestas similares a partir de los recursos de Procom\u00fan?<\/p>\n<p>Creando, colaborando y compartiendo ganamos todos.<\/p>\n","protected":false},"excerpt":{"rendered":"<p>Cuadernillos de repaso virtual para diferentes \u00e1reas de Secundaria que los profesores podemos difundir entre padres, alumnos y docentes con un solo clic de rat\u00f3n. Para acceder a otros contenidos o propuestas solo tenemos que acceder al espacio de b\u00fasqueda de Procom\u00fan. \u00bfNos animamos a compartir o recomendar otros recursos para este verano? \u00bfNos gustar\u00eda [&hellip;]<\/p>\n","protected":false},"author":1,"featured_media":0,"comment_status":"open","ping_status":"open","sticky":false,"template":"","format":"standard","meta":{"footnotes":""},"categories":[8,1,14],"tags":[],"class_list":["post-7703","post","type-post","status-publish","format-standard","hentry","category-educacion_e_internet","category-miscelanea","category-recursos-variados"],"_links":{"self":[{"href":"http:\/\/aula21.net\/aulablog21\/wp-json\/wp\/v2\/posts\/7703","targetHints":{"allow":["GET"]}}],"collection":[{"href":"http:\/\/aula21.net\/aulablog21\/wp-json\/wp\/v2\/posts"}],"about":[{"href":"http:\/\/aula21.net\/aulablog21\/wp-json\/wp\/v2\/types\/post"}],"author":[{"embeddable":true,"href":"http:\/\/aula21.net\/aulablog21\/wp-json\/wp\/v2\/users\/1"}],"replies":[{"embeddable":true,"href":"http:\/\/aula21.net\/aulablog21\/wp-json\/wp\/v2\/comments?post=7703"}],"version-history":[{"count":0,"href":"http:\/\/aula21.net\/aulablog21\/wp-json\/wp\/v2\/posts\/7703\/revisions"}],"wp:attachment":[{"href":"http:\/\/aula21.net\/aulablog21\/wp-json\/wp\/v2\/media?parent=7703"}],"wp:term":[{"taxonomy":"category","embeddable":true,"href":"http:\/\/aula21.net\/aulablog21\/wp-json\/wp\/v2\/categories?post=7703"},{"taxonomy":"post_tag","embeddable":true,"href":"http:\/\/aula21.net\/aulablog21\/wp-json\/wp\/v2\/tags?post=7703"}],"curies":[{"name":"wp","href":"https:\/\/api.w.org\/{rel}","templated":true}]}}