{"id":7708,"date":"2014-07-23T09:35:07","date_gmt":"2014-07-23T08:35:07","guid":{"rendered":"http:\/\/aula21.net\/aulablog21\/?p=7708"},"modified":"2014-07-23T09:36:20","modified_gmt":"2014-07-23T08:36:20","slug":"la-integracion-de-las-tic-y-los-libros-digitales-en-la-educacion","status":"publish","type":"post","link":"http:\/\/aula21.net\/aulablog21\/archives\/2014\/07\/23\/la-integracion-de-las-tic-y-los-libros-digitales-en-la-educacion\/","title":{"rendered":"La integraci\u00f3n de las TIC y los libros digitales en la educaci\u00f3n"},"content":{"rendered":"<p><a href=\"http:\/\/aula21.net\/aulablog21\/wp-content\/uploads\/2014\/07\/la-integracion-de-las-tic-y-los-libros-digitales-en-la-educacion_9788408123767.jpg\"><img loading=\"lazy\" decoding=\"async\" class=\"alignleft  wp-image-7709\" style=\"margin: 1px 9px 1px 9px;\" src=\"http:\/\/aula21.net\/aulablog21\/wp-content\/uploads\/2014\/07\/la-integracion-de-las-tic-y-los-libros-digitales-en-la-educacion_9788408123767.jpg\" alt=\"la-integracion-de-las-tic-y-los-libros-digitales-en-la-educacion_9788408123767\" width=\"151\" height=\"211\" \/><\/a>El estudio <a title=\"Acceder\" href=\"http:\/\/www.aulaplaneta.com\/descargas\/aulaPlaneta_Dossier-estudio-TIC.pdf\" target=\"_blank\">\u201cLa integraci\u00f3n de las TIC y los libros digitales en la educaci\u00f3n. Actitudes y valoraciones del profesorado en Espa\u00f1a\u201d<\/a> ha sido realizado por el Gabinete de Comunicaci\u00f3n y Educaci\u00f3n de la UAB y aulaPlaneta.<br \/>\n<!--adsense--><\/p>\n<p style=\"text-align: justify;\">La investigaci\u00f3n demuestra que la actitud del profesorado es positiva ante el cambio progresivo del libro de texto convencional por el digital. Los docentes que participaron en la investigaci\u00f3n ve\u00edan \u201cfactible\u201d y \u201cconveniente\u201d la sustituci\u00f3n de uno por otro, a corto y medio plazo. Gracias a los estudios cualitativos, adem\u00e1s, el estudio identifica las ventajas y reticencias del profesorado a los libros y plataformas digitales educativas, y recogen los valores esenciales del libro de texto ideal.<\/p>\n<p>&nbsp;<\/p>\n","protected":false},"excerpt":{"rendered":"<p>El estudio \u201cLa integraci\u00f3n de las TIC y los libros digitales en la educaci\u00f3n. Actitudes y valoraciones del profesorado en Espa\u00f1a\u201d ha sido realizado por el Gabinete de Comunicaci\u00f3n y Educaci\u00f3n de la UAB y aulaPlaneta. La investigaci\u00f3n demuestra que la actitud del profesorado es positiva ante el cambio progresivo del libro de texto convencional [&hellip;]<\/p>\n","protected":false},"author":1,"featured_media":0,"comment_status":"open","ping_status":"open","sticky":false,"template":"","format":"standard","meta":{"footnotes":""},"categories":[17,19,8,29,18],"tags":[],"class_list":["post-7708","post","type-post","status-publish","format-standard","hentry","category-articulos","category-educacion","category-educacion_e_internet","category-lecturas","category-tic"],"_links":{"self":[{"href":"http:\/\/aula21.net\/aulablog21\/wp-json\/wp\/v2\/posts\/7708","targetHints":{"allow":["GET"]}}],"collection":[{"href":"http:\/\/aula21.net\/aulablog21\/wp-json\/wp\/v2\/posts"}],"about":[{"href":"http:\/\/aula21.net\/aulablog21\/wp-json\/wp\/v2\/types\/post"}],"author":[{"embeddable":true,"href":"http:\/\/aula21.net\/aulablog21\/wp-json\/wp\/v2\/users\/1"}],"replies":[{"embeddable":true,"href":"http:\/\/aula21.net\/aulablog21\/wp-json\/wp\/v2\/comments?post=7708"}],"version-history":[{"count":0,"href":"http:\/\/aula21.net\/aulablog21\/wp-json\/wp\/v2\/posts\/7708\/revisions"}],"wp:attachment":[{"href":"http:\/\/aula21.net\/aulablog21\/wp-json\/wp\/v2\/media?parent=7708"}],"wp:term":[{"taxonomy":"category","embeddable":true,"href":"http:\/\/aula21.net\/aulablog21\/wp-json\/wp\/v2\/categories?post=7708"},{"taxonomy":"post_tag","embeddable":true,"href":"http:\/\/aula21.net\/aulablog21\/wp-json\/wp\/v2\/tags?post=7708"}],"curies":[{"name":"wp","href":"https:\/\/api.w.org\/{rel}","templated":true}]}}