{"id":771,"date":"2006-03-29T15:29:14","date_gmt":"2006-03-29T14:29:14","guid":{"rendered":"http:\/\/127.0.0.1\/wordpress2\/index.php\/archives\/2006\/03\/29\/un-blog-para-cada-ciudadano\/"},"modified":"2006-05-25T10:06:14","modified_gmt":"2006-05-25T09:06:14","slug":"un-blog-para-cada-ciudadano","status":"publish","type":"post","link":"http:\/\/aula21.net\/aulablog21\/archives\/2006\/03\/29\/un-blog-para-cada-ciudadano\/","title":{"rendered":"Un blog para cada ciudadano"},"content":{"rendered":"<p>Noticia de <a href=\"http:\/\/www.europapress.es\/\">Europa Press<\/a>.<\/p>\n<p>Vigo se convierte en la primera ciudad espa\u00f1ola en sumarse a la campa\u00f1a &#8216;Un blog para cada ciudadano&#8217;. A trav\u00e9s de <a class=\"Accent\" href=\"http:\/\/www.cidadans.net\/\" target=\"_blank\">www.cidadans.net<\/a> puede accederse a los diarios de ciudadanos y asociaciones.<br \/>Vigo es la primera ciudad de Espa\u00f1a en sumarse a la campa\u00f1a &#8216;Un blog para cada ciudadano&#8217;, promovida por Europa Press en colaboraci\u00f3n con la Asociaci\u00f3n de Usuarios de Internet, y que pretende crear una plataforma de &#8216;blogs&#8217; vinculados a las diferentes ciudades.<\/p>\n<p \/>\n<p>\u00a0\u00a0 Seg\u00fan explic\u00f3 hoy el director de Nuevos Proyectos de Europa Press, Jaime Est\u00e9vez, esta iniciativa permitir\u00e1 a los ciudadanos, asociaciones e incluso grupos municipales, divulgar sus opiniones, sugerencias e informaci\u00f3n a trav\u00e9s de la red, &quot;sin ning\u00fan tipo de filtro, con la m\u00e1xima libertad de expresi\u00f3n&quot; a trav\u00e9s de la p\u00e1gina <a class=\"Accent\" href=\"http:\/\/www.cidadans.net\/\" target=\"_blank\">www.cidadans.net<\/a> <\/p>\n<p \/>\n<p>\u00a0\u00a0 Por su parte, la concejal de Participaci\u00f3n Ciudadana del Ayuntamiento vigu\u00e9s, Marta Iglesias, explic\u00f3 que el objetivo de esta plataforma, que lleva por nombre &#8216;Cadernos Cidad\u00e1ns&#8217;, es generar una comunidad virtual con intereses comunes, as\u00ed como establecer nuevas posibilidades de comunicaci\u00f3n entre vecinos y administraci\u00f3n local. <\/p>\n<p \/>\n<p>\u00a0\u00a0 La ciudad ol\u00edvica es pionera en esta iniciativa, ya que fue la primera candidata en sumarse a este programa, que se enmarca dentro de los actos con motivo de la celebraci\u00f3n del D\u00eda Mundial de Internet, de las Telecomunicaciones y de la Sociedad de la Informaci\u00f3n, que se conmemora el pr\u00f3ximo 17 de mayo. <\/p>\n<p \/>\n<p><a href=\"http:\/\/www.cidadans.net\/\">Esta plataforma de blogs<\/a> invita a los usuarios a crear sus propios diarios personales en un contexto local, y permite la b\u00fasqueda de esos &#8216;cuadernos&#8217; siguiendo diferentes criterios, como tem\u00e1tica, nombre del blog, autor o barrio, al tiempo que el propio ayuntamiento puede destacar en su portada aquellos temas que considere de especial inter\u00e9s p\u00fablico.\u00a0Los usuarios pueden crear su diario a trav\u00e9s de un sencillo mecanismo de registro, y vincularlo a otros cuadernos que considere de inter\u00e9s. La plataforma, que ya est\u00e1 operativa y a la que se puede acceder tambi\u00e9n a trav\u00e9s de la p\u00e1gina <a class=\"Accent\" href=\"http:\/\/www.hoxe.vigo.org\/\" target=\"_blank\">www.hoxe.vigo.org<\/a>, cuenta con un servicio permanente de mantenimiento y actualizaci\u00f3n.<\/p>\n<p \/>\n<p \/>\n<p \/>\n<p \/>\n<p \/>\n<p \/>\n<p \/>\n<p \/>\n<p \/>\n<p \/>\n<p \/>\n<p \/>\n<p \/>\n<p \/>\n<p \/>\n<p \/>\n<p \/>\n<p \/>\n<p \/>\n<p \/>\n<p \/>\n<p \/>\n<p \/>\n<p \/>\n<p \/>\n<p \/>\n<p \/>\n<p \/>\n<p \/>\n<p \/>\n<p \/>\n<p \/>\n<p \/>\n<p \/>\n<p \/>\n<p \/>\n<p \/>\n<p \/>\n<p \/>\n<p \/>\n<p \/>\n<p \/>\n<p \/>\n<p \/>\n<p \/>\n<p \/>\n<p \/>\n<p \/>\n<p \/>\n<p \/>\n<p \/>\n<p \/>\n<p \/>\n<\/p>\n<\/p>\n<\/p>\n<\/p>\n<\/p>\n<\/p>\n<\/p>\n<\/p>\n<\/p>\n<\/p>\n<\/p>\n<\/p>\n<\/p>\n<\/p>\n<\/p>\n<\/p>\n<\/p>\n<\/p>\n<\/p>\n<\/p>\n<\/p>\n<\/p>\n<\/p>\n<\/p>\n<\/p>\n<\/p>\n<\/p><\/p>\n","protected":false},"excerpt":{"rendered":"<p>Noticia de Europa Press. Vigo se convierte en la primera ciudad espa\u00f1ola en sumarse a la campa\u00f1a &#8216;Un blog para cada ciudadano&#8217;. A trav\u00e9s de www.cidadans.net puede accederse a los diarios de ciudadanos y asociaciones.Vigo es la primera ciudad de Espa\u00f1a en sumarse a la campa\u00f1a &#8216;Un blog para cada ciudadano&#8217;, promovida por Europa Press [&hellip;]<\/p>\n","protected":false},"author":1,"featured_media":0,"comment_status":"closed","ping_status":"closed","sticky":false,"template":"","format":"standard","meta":{"footnotes":""},"categories":[3],"tags":[],"class_list":["post-771","post","type-post","status-publish","format-standard","hentry","category-weblogs_herramientas_trucos_etc"],"_links":{"self":[{"href":"http:\/\/aula21.net\/aulablog21\/wp-json\/wp\/v2\/posts\/771","targetHints":{"allow":["GET"]}}],"collection":[{"href":"http:\/\/aula21.net\/aulablog21\/wp-json\/wp\/v2\/posts"}],"about":[{"href":"http:\/\/aula21.net\/aulablog21\/wp-json\/wp\/v2\/types\/post"}],"author":[{"embeddable":true,"href":"http:\/\/aula21.net\/aulablog21\/wp-json\/wp\/v2\/users\/1"}],"replies":[{"embeddable":true,"href":"http:\/\/aula21.net\/aulablog21\/wp-json\/wp\/v2\/comments?post=771"}],"version-history":[{"count":0,"href":"http:\/\/aula21.net\/aulablog21\/wp-json\/wp\/v2\/posts\/771\/revisions"}],"wp:attachment":[{"href":"http:\/\/aula21.net\/aulablog21\/wp-json\/wp\/v2\/media?parent=771"}],"wp:term":[{"taxonomy":"category","embeddable":true,"href":"http:\/\/aula21.net\/aulablog21\/wp-json\/wp\/v2\/categories?post=771"},{"taxonomy":"post_tag","embeddable":true,"href":"http:\/\/aula21.net\/aulablog21\/wp-json\/wp\/v2\/tags?post=771"}],"curies":[{"name":"wp","href":"https:\/\/api.w.org\/{rel}","templated":true}]}}