{"id":7714,"date":"2014-08-30T12:59:43","date_gmt":"2014-08-30T11:59:43","guid":{"rendered":"http:\/\/aula21.net\/aulablog21\/?p=7714"},"modified":"2014-08-30T13:07:39","modified_gmt":"2014-08-30T12:07:39","slug":"conocimiento-aplicado-asignatura-delibre-configuracion-autonomica-en-las-jornadas-de-formacion-lomce-en-la-region-de-murcia","status":"publish","type":"post","link":"http:\/\/aula21.net\/aulablog21\/archives\/2014\/08\/30\/conocimiento-aplicado-asignatura-delibre-configuracion-autonomica-en-las-jornadas-de-formacion-lomce-en-la-region-de-murcia\/","title":{"rendered":"\u00abConocimiento Aplicado\u00bb, asignatura de libre configuraci\u00f3n auton\u00f3mica en Murcia"},"content":{"rendered":"<p><a title=\"Acceder\" href=\"http:\/\/www.slideshare.net\/marinactristan\/aprendizaje-basado-en-proyectos-38502492\" target=\"_blank\">Presentaci\u00f3n de la asignatura \u00abConocimiento Aplicado\u00bb <\/a>(libre configuraci\u00f3n auton\u00f3mica) en las Jornadas de formaci\u00f3n LOMCE en la Regi\u00f3n de Murcia.<br \/>\n<iframe loading=\"lazy\" style=\"border: 1px solid #CCC; border-width: 1px; margin-bottom: 5px; max-width: 100%;\" src=\"\/\/www.slideshare.net\/slideshow\/embed_code\/38502492\" width=\"427\" height=\"356\" frameborder=\"0\" marginwidth=\"0\" marginheight=\"0\" scrolling=\"no\" allowfullscreen=\"allowfullscreen\"> <\/iframe><br \/>\n<!--adsense--><br \/>\nLa autora de la presentaci\u00f3n es <a title=\"Acceder\" href=\"http:\/\/www.marinatristan.es\/\" target=\"_blank\">Marina Trist\u00e1n<\/a>, profesora de educaci\u00f3n musical y tutora en el primer ciclo de educaci\u00f3n primaria en la Regi\u00f3n de Murcia, sobre ella publiqu\u00e9 recientemente un art\u00edculo en educ@contic titulado <a title=\"Acceder\" href=\"http:\/\/www.educacontic.es\/blog\/sin-tizas-y-lo-loco-con-marina-tristan\" target=\"_blank\">Sin Tizas y a lo loco con Marina Tr\u00edstan <\/a>que os invito a leer.<\/p>\n<p><a title=\"Acceder\" href=\"http:\/\/www.educacontic.es\/blog\/sin-tizas-y-lo-loco-con-marina-tristan\" target=\"_blank\"><img loading=\"lazy\" decoding=\"async\" class=\"aligncenter\" src=\"http:\/\/www.educacontic.es\/sites\/default\/files\/blog\/9911\/2014-04-30_12-09-39_0.png\" alt=\"\" width=\"441\" height=\"215\" \/><\/a><\/p>\n<p>&nbsp;<\/p>\n","protected":false},"excerpt":{"rendered":"<p>Presentaci\u00f3n de la asignatura \u00abConocimiento Aplicado\u00bb (libre configuraci\u00f3n auton\u00f3mica) en las Jornadas de formaci\u00f3n LOMCE en la Regi\u00f3n de Murcia. La autora de la presentaci\u00f3n es Marina Trist\u00e1n, profesora de educaci\u00f3n musical y tutora en el primer ciclo de educaci\u00f3n primaria en la Regi\u00f3n de Murcia, sobre ella publiqu\u00e9 recientemente un art\u00edculo en educ@contic titulado [&hellip;]<\/p>\n","protected":false},"author":1,"featured_media":0,"comment_status":"open","ping_status":"open","sticky":false,"template":"","format":"standard","meta":{"footnotes":""},"categories":[37,8,25],"tags":[],"class_list":["post-7714","post","type-post","status-publish","format-standard","hentry","category-colaboraciones","category-educacion_e_internet","category-eventos"],"_links":{"self":[{"href":"http:\/\/aula21.net\/aulablog21\/wp-json\/wp\/v2\/posts\/7714","targetHints":{"allow":["GET"]}}],"collection":[{"href":"http:\/\/aula21.net\/aulablog21\/wp-json\/wp\/v2\/posts"}],"about":[{"href":"http:\/\/aula21.net\/aulablog21\/wp-json\/wp\/v2\/types\/post"}],"author":[{"embeddable":true,"href":"http:\/\/aula21.net\/aulablog21\/wp-json\/wp\/v2\/users\/1"}],"replies":[{"embeddable":true,"href":"http:\/\/aula21.net\/aulablog21\/wp-json\/wp\/v2\/comments?post=7714"}],"version-history":[{"count":0,"href":"http:\/\/aula21.net\/aulablog21\/wp-json\/wp\/v2\/posts\/7714\/revisions"}],"wp:attachment":[{"href":"http:\/\/aula21.net\/aulablog21\/wp-json\/wp\/v2\/media?parent=7714"}],"wp:term":[{"taxonomy":"category","embeddable":true,"href":"http:\/\/aula21.net\/aulablog21\/wp-json\/wp\/v2\/categories?post=7714"},{"taxonomy":"post_tag","embeddable":true,"href":"http:\/\/aula21.net\/aulablog21\/wp-json\/wp\/v2\/tags?post=7714"}],"curies":[{"name":"wp","href":"https:\/\/api.w.org\/{rel}","templated":true}]}}