{"id":7721,"date":"2014-09-27T21:33:49","date_gmt":"2014-09-27T20:33:49","guid":{"rendered":"http:\/\/aula21.net\/aulablog21\/?p=7721"},"modified":"2014-09-27T21:48:14","modified_gmt":"2014-09-27T20:48:14","slug":"periodismo-en-la-escuela","status":"publish","type":"post","link":"http:\/\/aula21.net\/aulablog21\/archives\/2014\/09\/27\/periodismo-en-la-escuela\/","title":{"rendered":"Periodismo en la escuela"},"content":{"rendered":"<p style=\"text-align: justify;\">He estado leyendo el art\u00edculo titulado <a title=\"Acceder\" href=\"http:\/\/www.juntadeandalucia.es\/educacion\/webportal\/web\/revista-andalucia-educativa\/comunidad-educativa\/centros\/experiencias\/-\/noticia\/detalle\/copia-de-periodismo-en-la-escuela\" target=\"_blank\">Periodismo en la escuela <\/a>publicado en <a title=\"acceder\" href=\"http:\/\/www.juntadeandalucia.es\/educacion\/webportal\/web\/revista-andalucia-educativa\" target=\"_blank\">Andaluc\u00eda Educativa,<\/a> la Revista Digital de la Consejer\u00eda de Educaci\u00f3n andaluza. En el mismo\u00a0Pilar Br\u00e1zquez V\u00e1zquez nos relata la participaci\u00f3n del alumnado del IES <em>Santa Aurelia<\/em> de Sevilla de la asignatura de \u201cMedios de Comunicaci\u00f3n\u201d que se imparte en 2\u00ba de bachillerato\u00a0 en la XIII edici\u00f3n del programa El Pa\u00eds de los Estudiantes (<strong><a title=\"Acceder\" href=\"http:\/\/www.estudiantes.elpais.es\" target=\"_blank\">www.estudiantes.elpais.es<\/a><\/strong>), han competido con m\u00e1s de 2007 institutos de toda Espa\u00f1a y 25000 alumnos, logrando el\u00a0 primer Premio,<a title=\"Acceder\" href=\"http:\/\/www.juntadeandalucia.es\/educacion\/webportal\/web\/revista-andalucia-educativa\/comunidad-educativa\/centros\/experiencias\/-\/noticia\/detalle\/copia-de-periodismo-en-la-escuela\" target=\"_blank\"> \u00bfquieres saber c\u00f3mo lo lograron? <\/a><\/p>\n<p><!--adsense--><\/p>\n<p style=\"text-align: justify;\"><a title=\"Acceder\" href=\"http:\/\/estudiantes.elpais.com\/periodico-digital\/ver\/equipo\/14\" target=\"_blank\">Este es el peri\u00f3dico <\/a>elaborado merecedor del premio. No cabe duda que la creaci\u00f3n de peri\u00f3dicos escolares es una de la mejores y m\u00e1s productivas actividades que podemos y debemos fomentar entre el alumnado.<\/p>\n<p style=\"text-align: justify;\"><img loading=\"lazy\" decoding=\"async\" class=\"aligncenter\" src=\"http:\/\/www.juntadeandalucia.es\/educacion\/webportal\/ishare-servlet\/content\/9a0b2129-2f8d-4198-9b8c-08bdd4201d3f\" alt=\"\" width=\"470\" height=\"313\" \/><\/p>\n<p style=\"text-align: center;\"><a title=\"Acceder\" href=\"http:\/\/estudiantes.elpais.com\/participantes\/periodicos-ganadores\" target=\"_blank\">En esta p\u00e1gina puedes conocer todos los peri\u00f3dicos ganadores<\/a> de la XII Edici\u00f3n de El Pa\u00eds de los Estudiantes.<\/p>\n<p style=\"text-align: center;\"><a href=\"http:\/\/estudiantes.elpais.com\/participantes\/periodicos-ganadores\" target=\"_blank\"><img loading=\"lazy\" decoding=\"async\" class=\"size-full wp-image-7728\" src=\"http:\/\/aula21.net\/aulablog21\/wp-content\/uploads\/2014\/09\/Captura-de-pantalla-2014-09-27-a-las-22.49.42.png\" alt=\"Captura de pantalla 2014-09-27 a la(s) 22.49.42\" width=\"470\" height=\"299\" srcset=\"http:\/\/aula21.net\/aulablog21\/wp-content\/uploads\/2014\/09\/Captura-de-pantalla-2014-09-27-a-las-22.49.42.png 650w, http:\/\/aula21.net\/aulablog21\/wp-content\/uploads\/2014\/09\/Captura-de-pantalla-2014-09-27-a-las-22.49.42-300x191.png 300w\" sizes=\"auto, (max-width: 470px) 100vw, 470px\" \/><\/a><\/p>\n<p>&nbsp;<\/p>\n","protected":false},"excerpt":{"rendered":"<p>He estado leyendo el art\u00edculo titulado Periodismo en la escuela publicado en Andaluc\u00eda Educativa, la Revista Digital de la Consejer\u00eda de Educaci\u00f3n andaluza. En el mismo\u00a0Pilar Br\u00e1zquez V\u00e1zquez nos relata la participaci\u00f3n del alumnado del IES Santa Aurelia de Sevilla de la asignatura de \u201cMedios de Comunicaci\u00f3n\u201d que se imparte en 2\u00ba de bachillerato\u00a0 en [&hellip;]<\/p>\n","protected":false},"author":1,"featured_media":0,"comment_status":"open","ping_status":"open","sticky":false,"template":"","format":"standard","meta":{"footnotes":""},"categories":[8,29],"tags":[],"class_list":["post-7721","post","type-post","status-publish","format-standard","hentry","category-educacion_e_internet","category-lecturas"],"_links":{"self":[{"href":"http:\/\/aula21.net\/aulablog21\/wp-json\/wp\/v2\/posts\/7721","targetHints":{"allow":["GET"]}}],"collection":[{"href":"http:\/\/aula21.net\/aulablog21\/wp-json\/wp\/v2\/posts"}],"about":[{"href":"http:\/\/aula21.net\/aulablog21\/wp-json\/wp\/v2\/types\/post"}],"author":[{"embeddable":true,"href":"http:\/\/aula21.net\/aulablog21\/wp-json\/wp\/v2\/users\/1"}],"replies":[{"embeddable":true,"href":"http:\/\/aula21.net\/aulablog21\/wp-json\/wp\/v2\/comments?post=7721"}],"version-history":[{"count":0,"href":"http:\/\/aula21.net\/aulablog21\/wp-json\/wp\/v2\/posts\/7721\/revisions"}],"wp:attachment":[{"href":"http:\/\/aula21.net\/aulablog21\/wp-json\/wp\/v2\/media?parent=7721"}],"wp:term":[{"taxonomy":"category","embeddable":true,"href":"http:\/\/aula21.net\/aulablog21\/wp-json\/wp\/v2\/categories?post=7721"},{"taxonomy":"post_tag","embeddable":true,"href":"http:\/\/aula21.net\/aulablog21\/wp-json\/wp\/v2\/tags?post=7721"}],"curies":[{"name":"wp","href":"https:\/\/api.w.org\/{rel}","templated":true}]}}