{"id":777,"date":"2006-03-31T14:24:57","date_gmt":"2006-03-31T13:24:57","guid":{"rendered":"http:\/\/127.0.0.1\/wordpress2\/index.php\/archives\/2006\/03\/31\/aula21-elegido-sitio-web-del-mes-por\/"},"modified":"2006-03-31T17:34:37","modified_gmt":"2006-03-31T16:34:37","slug":"aula21-elegido-sitio-web-del-mes-por","status":"publish","type":"post","link":"http:\/\/aula21.net\/aulablog21\/archives\/2006\/03\/31\/aula21-elegido-sitio-web-del-mes-por\/","title":{"rendered":"Aula21 elegido sitio web del mes por El Magazine de Horizonte."},"content":{"rendered":"<div>\n<p>Hace ya del orden de 5 a\u00f1os que leo <a href=\"http:\/\/www.horizonteweb.com\/magazine\/\">El Magazine de Horizonte<\/a>, se trata de\u00a0una revista gratuita de inform\u00e1tica educativa\u00a0que recibo todos los meses e-mail. <\/p>\n<p>Ha sido una gran satisfacci\u00f3n ver que en <a href=\"http:\/\/www.horizonteweb.com\/magazine\/Numero75.htm#7.%20Sitios%20web%20del%20mes\" target=\"_blank\">el n\u00famero de Marzo<\/a>\u00a0aparece mi web rese\u00f1ada como sitio web del mes.<br \/>Cosas c\u00f3mo esta y el mont\u00f3n de amigos que tengo gracias a la red recompensan\u00a0todos los esfuerzos y sinsabores. <br \/>La revista cumple seis a\u00f1os este mes\u00a0y tiene 38627 suscriptores de toda Hispanoam\u00e9rica, lo cual la transforma en la comunidad de tecnolog\u00eda educativa virtual de habla hispana con mayor n\u00famero de miembros\u00a0de 43 pa\u00edses. Su director es <a href=\"http:\/\/weblog.educ.ar\/educacion-tics\/cuerpoentrevista.php?idEntrev=49\">Jorge Rey Valzacchi <\/a>uno de los personajes\u00a0m\u00e1s influyentes en el mundo acerca del uso de las TIC en el aula, muchas gracias por la menci\u00f3n Jorge.<\/p>\n<p>Ayer el servidor que aloja mi web estuvo caido y ultimamente muchos d\u00edas no est\u00e1 accesible o va muy lenta la carga de las p\u00e1ginas\u00a0debido a que cada d\u00eda tengo m\u00e1s visitas, ello puede obligarme a contratar un alojamiento con m\u00e1s prestaciones proximamente.<\/p>\n<\/div>\n<p><\/p>\n","protected":false},"excerpt":{"rendered":"<p>Hace ya del orden de 5 a\u00f1os que leo El Magazine de Horizonte, se trata de\u00a0una revista gratuita de inform\u00e1tica educativa\u00a0que recibo todos los meses e-mail. Ha sido una gran satisfacci\u00f3n ver que en el n\u00famero de Marzo\u00a0aparece mi web rese\u00f1ada como sitio web del mes.Cosas c\u00f3mo esta y el mont\u00f3n de amigos que tengo [&hellip;]<\/p>\n","protected":false},"author":1,"featured_media":0,"comment_status":"open","ping_status":"open","sticky":false,"template":"","format":"standard","meta":{"footnotes":""},"categories":[8,7],"tags":[],"class_list":["post-777","post","type-post","status-publish","format-standard","hentry","category-educacion_e_internet","category-personal"],"_links":{"self":[{"href":"http:\/\/aula21.net\/aulablog21\/wp-json\/wp\/v2\/posts\/777","targetHints":{"allow":["GET"]}}],"collection":[{"href":"http:\/\/aula21.net\/aulablog21\/wp-json\/wp\/v2\/posts"}],"about":[{"href":"http:\/\/aula21.net\/aulablog21\/wp-json\/wp\/v2\/types\/post"}],"author":[{"embeddable":true,"href":"http:\/\/aula21.net\/aulablog21\/wp-json\/wp\/v2\/users\/1"}],"replies":[{"embeddable":true,"href":"http:\/\/aula21.net\/aulablog21\/wp-json\/wp\/v2\/comments?post=777"}],"version-history":[{"count":0,"href":"http:\/\/aula21.net\/aulablog21\/wp-json\/wp\/v2\/posts\/777\/revisions"}],"wp:attachment":[{"href":"http:\/\/aula21.net\/aulablog21\/wp-json\/wp\/v2\/media?parent=777"}],"wp:term":[{"taxonomy":"category","embeddable":true,"href":"http:\/\/aula21.net\/aulablog21\/wp-json\/wp\/v2\/categories?post=777"},{"taxonomy":"post_tag","embeddable":true,"href":"http:\/\/aula21.net\/aulablog21\/wp-json\/wp\/v2\/tags?post=777"}],"curies":[{"name":"wp","href":"https:\/\/api.w.org\/{rel}","templated":true}]}}