{"id":781,"date":"2006-04-03T16:12:14","date_gmt":"2006-04-03T15:12:14","guid":{"rendered":"http:\/\/127.0.0.1\/wordpress2\/index.php\/archives\/2006\/04\/03\/el-congreso-pide-que-se-elabore-material-didactico-para-la-ensenanza-de-las-tecnologias\/"},"modified":"2006-04-03T16:38:01","modified_gmt":"2006-04-03T15:38:01","slug":"el-congreso-pide-que-se-elabore-material-didactico-para-la-ensenanza-de-las-tecnologias","status":"publish","type":"post","link":"http:\/\/aula21.net\/aulablog21\/archives\/2006\/04\/03\/el-congreso-pide-que-se-elabore-material-didactico-para-la-ensenanza-de-las-tecnologias\/","title":{"rendered":"El Congreso pide que se elabore material did\u00e1ctico para la ense\u00f1anza de las tecnolog\u00edas"},"content":{"rendered":"<p><a href=\"http:\/\/www.elpais.es\/articulo\/elpedupor\/20060403elpepiedu_6\/Tes\/educacion\/Congreso\/pide\/elabore\/material\/didactico\/ensenanza\/tecnologias\" target=\"_blank\">En el suplemento de educaci\u00f3n de El\u00a0Pa\u00eds<\/a> podemos leer:<\/p>\n<p><em>El Congreso ha aprobado por unanimidad la creaci\u00f3n de un grupo de trabajo que dise\u00f1e y elabore nuevos recursos did\u00e1cticos en formato tecnol\u00f3gico a partir de los cuales el alumno pueda conocer los usos de las nuevas tecnolog\u00edas. Se trata de trabajar en el \u00e1mbito de la conferencia sectorial de educaci\u00f3n y en colaboraci\u00f3n con las comunidades aut\u00f3nomas.<\/em><\/p>\n<p><em>La iniciativa socialista incorpor\u00f3 una enmienda de CiU para que esta actividad se encuadre en el programa Internet en el Aula, que contempla convenios entre el Ministerio de Educaci\u00f3n y los Gobiernos aut\u00f3nomos.<\/em><\/p>\n<p>Yo ya tengo preparado mi curriculum vitae pues imagino que dado que esto se financiar\u00e1 con dinero de todos los espa\u00f1oles habr\u00e1 un riguroso proceso de selecci\u00f3n donde primen los m\u00e9ritos, se que va a ser duro pues hay\u00a0mucha gente buena pero en cuanto sepa donde hay que apuntarse lo har\u00e9. Por cierto carnet del PSOE no tengo ni del PP tampoco no se si me servir\u00e1 el carnet de la biblioteca que es el \u00fanico que tengo, se aceptan consejos en los comentarios.<\/p>\n","protected":false},"excerpt":{"rendered":"<p>En el suplemento de educaci\u00f3n de El\u00a0Pa\u00eds podemos leer: El Congreso ha aprobado por unanimidad la creaci\u00f3n de un grupo de trabajo que dise\u00f1e y elabore nuevos recursos did\u00e1cticos en formato tecnol\u00f3gico a partir de los cuales el alumno pueda conocer los usos de las nuevas tecnolog\u00edas. Se trata de trabajar en el \u00e1mbito de [&hellip;]<\/p>\n","protected":false},"author":1,"featured_media":0,"comment_status":"open","ping_status":"open","sticky":false,"template":"","format":"standard","meta":{"footnotes":""},"categories":[8],"tags":[],"class_list":["post-781","post","type-post","status-publish","format-standard","hentry","category-educacion_e_internet"],"_links":{"self":[{"href":"http:\/\/aula21.net\/aulablog21\/wp-json\/wp\/v2\/posts\/781","targetHints":{"allow":["GET"]}}],"collection":[{"href":"http:\/\/aula21.net\/aulablog21\/wp-json\/wp\/v2\/posts"}],"about":[{"href":"http:\/\/aula21.net\/aulablog21\/wp-json\/wp\/v2\/types\/post"}],"author":[{"embeddable":true,"href":"http:\/\/aula21.net\/aulablog21\/wp-json\/wp\/v2\/users\/1"}],"replies":[{"embeddable":true,"href":"http:\/\/aula21.net\/aulablog21\/wp-json\/wp\/v2\/comments?post=781"}],"version-history":[{"count":0,"href":"http:\/\/aula21.net\/aulablog21\/wp-json\/wp\/v2\/posts\/781\/revisions"}],"wp:attachment":[{"href":"http:\/\/aula21.net\/aulablog21\/wp-json\/wp\/v2\/media?parent=781"}],"wp:term":[{"taxonomy":"category","embeddable":true,"href":"http:\/\/aula21.net\/aulablog21\/wp-json\/wp\/v2\/categories?post=781"},{"taxonomy":"post_tag","embeddable":true,"href":"http:\/\/aula21.net\/aulablog21\/wp-json\/wp\/v2\/tags?post=781"}],"curies":[{"name":"wp","href":"https:\/\/api.w.org\/{rel}","templated":true}]}}