{"id":782,"date":"2006-04-03T16:34:54","date_gmt":"2006-04-03T15:34:54","guid":{"rendered":"http:\/\/127.0.0.1\/wordpress2\/index.php\/archives\/2006\/04\/03\/jovenes-por-una-vivienda-digna-pasalo\/"},"modified":"2006-04-03T16:40:37","modified_gmt":"2006-04-03T15:40:37","slug":"jovenes-por-una-vivienda-digna-pasalo","status":"publish","type":"post","link":"http:\/\/aula21.net\/aulablog21\/archives\/2006\/04\/03\/jovenes-por-una-vivienda-digna-pasalo\/","title":{"rendered":"J\u00f3venes por una vivienda digna, p\u00e1salo."},"content":{"rendered":"<p><a href=\"http:\/\/www.saltando.net\/2006\/03\/29\/jovenes-por-una-vivienda-digna\/\">En Saltando.net podemos leer<\/a>:<\/p>\n<p>Hoy me ha llegado esto al e-mail:<\/p>\n<blockquote>\n<p>Hola a todos. S\u00e9 que este e-mail se puede parecer a muchos de los que circulan por la red pero no es cierto. Este e-mail est\u00e1 siendo enviado por toda Espa\u00f1a para reivindicar nuestros derechos. Hemos asistido durante el mes de marzo a la convocatoria de macrobotellones por toda Espa\u00f1a. Esta convocatoria es diferente.<\/p>\n<p>En Francia, los j\u00f3venes protestan por la \u201cmodificaci\u00f3n\u201d de los contratos basura. Muchas voces han sido las que se han quejado en este pa\u00eds porque los j\u00f3venes no hac\u00edan nada. Pues bien, \u00bfse lo vamos a demostrar?<\/p>\n<p>El domingo, 14 de Mayo, sentada en la Puerta del Sol en Madrid. Queremos<br \/>todos una vivienda digna, una vivienda en la que podamos vivir y fundar nuestras familias sin estar destinando m\u00e1s del 50% de nuestro sueldo para pagarla. Si de verdad te importa tu futuro\u2026 \u00bfestar\u00e1s all\u00ed sentado con tus colegas?<\/p>\n<p>Difunde este mensaje. P\u00e1salo.<\/p>\n<p>Esta convocatoria no ha sido convocada por ning\u00fan partido pol\u00edtico, simplemente es la demostraci\u00f3n de como la juventud espa\u00f1ola puede unirse<br \/>para conseguir sus prop\u00f3sitos.<\/p>\n<p>(Copiad y pegad el mensaje para que no se acumulen las direcciones, o poned las direcciones en CCO)<\/p>\n<\/blockquote>\n<p>En Escolar.net se han hecho tambi\u00e9n eco de la convocatoria y ha montado <a href=\"http:\/\/www.escolar.net\/wiki\/index.php\/Sentada_por_una_vivienda_digna\">una secci\u00f3n en el wiki para promoverla.<\/a> <\/p>\n","protected":false},"excerpt":{"rendered":"<p>En Saltando.net podemos leer: Hoy me ha llegado esto al e-mail: Hola a todos. S\u00e9 que este e-mail se puede parecer a muchos de los que circulan por la red pero no es cierto. Este e-mail est\u00e1 siendo enviado por toda Espa\u00f1a para reivindicar nuestros derechos. Hemos asistido durante el mes de marzo a la [&hellip;]<\/p>\n","protected":false},"author":1,"featured_media":0,"comment_status":"open","ping_status":"open","sticky":false,"template":"","format":"standard","meta":{"footnotes":""},"categories":[1],"tags":[],"class_list":["post-782","post","type-post","status-publish","format-standard","hentry","category-miscelanea"],"_links":{"self":[{"href":"http:\/\/aula21.net\/aulablog21\/wp-json\/wp\/v2\/posts\/782","targetHints":{"allow":["GET"]}}],"collection":[{"href":"http:\/\/aula21.net\/aulablog21\/wp-json\/wp\/v2\/posts"}],"about":[{"href":"http:\/\/aula21.net\/aulablog21\/wp-json\/wp\/v2\/types\/post"}],"author":[{"embeddable":true,"href":"http:\/\/aula21.net\/aulablog21\/wp-json\/wp\/v2\/users\/1"}],"replies":[{"embeddable":true,"href":"http:\/\/aula21.net\/aulablog21\/wp-json\/wp\/v2\/comments?post=782"}],"version-history":[{"count":0,"href":"http:\/\/aula21.net\/aulablog21\/wp-json\/wp\/v2\/posts\/782\/revisions"}],"wp:attachment":[{"href":"http:\/\/aula21.net\/aulablog21\/wp-json\/wp\/v2\/media?parent=782"}],"wp:term":[{"taxonomy":"category","embeddable":true,"href":"http:\/\/aula21.net\/aulablog21\/wp-json\/wp\/v2\/categories?post=782"},{"taxonomy":"post_tag","embeddable":true,"href":"http:\/\/aula21.net\/aulablog21\/wp-json\/wp\/v2\/tags?post=782"}],"curies":[{"name":"wp","href":"https:\/\/api.w.org\/{rel}","templated":true}]}}