{"id":783,"date":"2006-04-03T17:49:31","date_gmt":"2006-04-03T16:49:31","guid":{"rendered":"http:\/\/127.0.0.1\/wordpress2\/index.php\/archives\/2006\/04\/03\/visto-en-el-foro-de-linexorg\/"},"modified":"2006-04-03T21:39:23","modified_gmt":"2006-04-03T20:39:23","slug":"visto-en-el-foro-de-linexorg","status":"publish","type":"post","link":"http:\/\/aula21.net\/aulablog21\/archives\/2006\/04\/03\/visto-en-el-foro-de-linexorg\/","title":{"rendered":"Visto en el foro de Linex.org"},"content":{"rendered":"<p>Acabo de ver <a href=\"http:\/\/www.linex.org\/modules.php?op=modload&#038;name=PNphpBB2&#038;file=viewtopic&#038;t=6640&#038;sid=7c3eeb9135094d970e38f22e4e554dcc\">en el foro de Linex este mensaje<\/a>.<\/p>\n<p><em>Posteo aqu\u00ed, sin intenci\u00f3n de que se organice ning\u00fan l\u00edo (pero que si se organiza tampoco pasa nada&#8230;) un par de post sacados de <\/em><a class=\"postlink\" href=\"\/\" target=\"_blank\"><em>www.aula21.net<\/em><\/a><em> , que sostiene F. Mu\u00f1oz de la Pe\u00f1a que deber\u00edan mover a la reflexi\u00f3n. <\/p>\n<p><\/em><a class=\"postlink\" href=\"\/aulablog21\/index.php\/archives\/2006\/04\/02\/chequeo-al-linex-en-el-sitema-educativo-extremeno\/\" target=\"_blank\"><em>http:\/\/www.aula21.net\/aulablog21\/index.php\/archives\/2006\/04\/02\/chequeo-al-linex-en-el-sitema-educativo-extremeno\/<\/em><\/a><em> <\/p>\n<p>y <\/em><a class=\"postlink\" href=\"\/aulablog21\/index.php\/archives\/2006\/03\/24\/el-futuro-de-las-tic-en-calaluna\/\" target=\"_blank\"><em>http:\/\/www.aula21.net\/aulablog21\/index.php\/archives\/2006\/03\/24\/el-futuro-de-las-tic-en-calaluna\/<\/em><\/a><em> <\/p>\n<p>Otro tema para reflexionar: en la citada web hay m\u00e1s recursos que en el promocionado portal de la Consejerer\u00eda de Educaci\u00f3n. \u00bfTrabajar\u00e1n los profesores destinados al efecto en <\/em><a class=\"postlink\" href=\"\/\" target=\"_blank\"><em>www.aula21.net<\/em><\/a><em> bajo el seud\u00f3nimo F. M\u00fa\u00f1oz de la Pe\u00f1a? Espero que s\u00ed, porque si no la Consejer\u00eda no est\u00e1 invirtiendo bien mi dinero.<\/em><\/p>\n<p>De momento he preferido no contestar el\u00a0citado post, <a href=\"http:\/\/www.linex.org\/modules.php?op=modload&#038;name=PNphpBB2&#038;file=viewtopic&#038;t=6640&#038;sid=7c3eeb9135094d970e38f22e4e554dcc\">seguir\u00e9 atentamente las posibles respuestas<\/a>. De todos modos\u00a0har\u00e9 la siguiente aclaraci\u00f3n: F. Mu\u00f1oz de la Pe\u00f1a no es un conjunto de quince personas liberadas, es un extreme\u00f1o que lleva cinco a\u00f1os currando dia a dia y gast\u00e1ndose su dinero en impulsar el uso de las TIC en el aula. Se me olvidaba, esto lo hace en sus ratos libres, por las ma\u00f1anas da clases en el IES Carolina Coronado de Almendralejo. <\/p>\n<p>Otra cosilla, parece ser que a los coordinadores TIC de los centros les van a pagar 30 Euros al mes en mayo con car\u00e1cter retroactivo desde enero\u00a0y tienen 3 horas lectivas\u00a0menos a la semana lo cual me parece fenomenal pero\u00a0digo yo, a los que le dedicamos tres horas diarias a esto\u00a0y pagamos un alojamiento podr\u00edan al menos pagarnos el coste del servidor o proporcionarnos un alojamiento gratuito de calidad \u00bfes mucho pedir?<\/p>\n","protected":false},"excerpt":{"rendered":"<p>Acabo de ver en el foro de Linex este mensaje. Posteo aqu\u00ed, sin intenci\u00f3n de que se organice ning\u00fan l\u00edo (pero que si se organiza tampoco pasa nada&#8230;) un par de post sacados de www.aula21.net , que sostiene F. Mu\u00f1oz de la Pe\u00f1a que deber\u00edan mover a la reflexi\u00f3n. http:\/\/www.aula21.net\/aulablog21\/index.php\/archives\/2006\/04\/02\/chequeo-al-linex-en-el-sitema-educativo-extremeno\/ y http:\/\/www.aula21.net\/aulablog21\/index.php\/archives\/2006\/03\/24\/el-futuro-de-las-tic-en-calaluna\/ Otro tema para [&hellip;]<\/p>\n","protected":false},"author":1,"featured_media":0,"comment_status":"open","ping_status":"open","sticky":false,"template":"","format":"standard","meta":{"footnotes":""},"categories":[1],"tags":[],"class_list":["post-783","post","type-post","status-publish","format-standard","hentry","category-miscelanea"],"_links":{"self":[{"href":"http:\/\/aula21.net\/aulablog21\/wp-json\/wp\/v2\/posts\/783","targetHints":{"allow":["GET"]}}],"collection":[{"href":"http:\/\/aula21.net\/aulablog21\/wp-json\/wp\/v2\/posts"}],"about":[{"href":"http:\/\/aula21.net\/aulablog21\/wp-json\/wp\/v2\/types\/post"}],"author":[{"embeddable":true,"href":"http:\/\/aula21.net\/aulablog21\/wp-json\/wp\/v2\/users\/1"}],"replies":[{"embeddable":true,"href":"http:\/\/aula21.net\/aulablog21\/wp-json\/wp\/v2\/comments?post=783"}],"version-history":[{"count":0,"href":"http:\/\/aula21.net\/aulablog21\/wp-json\/wp\/v2\/posts\/783\/revisions"}],"wp:attachment":[{"href":"http:\/\/aula21.net\/aulablog21\/wp-json\/wp\/v2\/media?parent=783"}],"wp:term":[{"taxonomy":"category","embeddable":true,"href":"http:\/\/aula21.net\/aulablog21\/wp-json\/wp\/v2\/categories?post=783"},{"taxonomy":"post_tag","embeddable":true,"href":"http:\/\/aula21.net\/aulablog21\/wp-json\/wp\/v2\/tags?post=783"}],"curies":[{"name":"wp","href":"https:\/\/api.w.org\/{rel}","templated":true}]}}