{"id":7910,"date":"2014-11-04T17:20:54","date_gmt":"2014-11-04T16:20:54","guid":{"rendered":"http:\/\/aula21.net\/aulablog21\/?p=7910"},"modified":"2014-11-04T17:28:16","modified_gmt":"2014-11-04T16:28:16","slug":"el-boe-publica-el-codigo-del-derecho-al-olvido","status":"publish","type":"post","link":"http:\/\/aula21.net\/aulablog21\/archives\/2014\/11\/04\/el-boe-publica-el-codigo-del-derecho-al-olvido\/","title":{"rendered":"El BOE publica el C\u00f3digo del derecho al olvido"},"content":{"rendered":"<p class=\"p\" style=\"text-align: justify;\">\u00bfQu\u00e9 pueden los ciudadanos solicitar que sea retirado de un motor de b\u00fasqueda? <a class=\"a\" title=\"El Bolet\u00edn Oficial del Estado (BOE)\" href=\"http:\/\/www.abc.es\/gestordocumental\/uploads\/internacional\/BOE-094_Codigo_del_Derecho__al_Olvido.pdf\" target=\"_blank\">El Bolet\u00edn Oficial del Estado (BOE)<\/a>, consciente de la necesidad de divulgar a ciudadanos y a juristas las principales normas que orientan esta materia, ha publicado este martes el <a class=\"a\" title=\"\u00abC\u00f3digo del Derecho al Olvido\u00bb.\" href=\"http:\/\/www.abc.es\/gestordocumental\/uploads\/internacional\/BOE-094_Codigo_del_Derecho__al_Olvido.pdf\" target=\"_blank\">\u00abC\u00f3digo del Derecho al Olvido\u00bb.<\/a><\/p>\n<p><!--adsense--><\/p>\n<p class=\"p\"><img loading=\"lazy\" decoding=\"async\" class=\"aligncenter\" style=\"border-width: 1px;\" src=\"http:\/\/4.bp.blogspot.com\/-OA9VZTmRM9w\/U4GtRbzJOfI\/AAAAAAAADtQ\/Zy6D2Vl3zQY\/w768-h583-no\/Derecho+al+olvido+en+los+buscadores.JPG\" alt=\"\" width=\"471\" height=\"358\" \/><\/p>\n<p class=\"p\">El C\u00f3digo del Derecho al Olvido <span style=\"font-weight: bold; font-style: normal;\">trata de solventar algunas dudas sobre<\/span> la aplicaci\u00f3n de este concepto que afecta a la publicaci\u00f3n de datos personales en internet.<\/p>\n","protected":false},"excerpt":{"rendered":"<p>\u00bfQu\u00e9 pueden los ciudadanos solicitar que sea retirado de un motor de b\u00fasqueda? El Bolet\u00edn Oficial del Estado (BOE), consciente de la necesidad de divulgar a ciudadanos y a juristas las principales normas que orientan esta materia, ha publicado este martes el \u00abC\u00f3digo del Derecho al Olvido\u00bb. El C\u00f3digo del Derecho al Olvido trata de [&hellip;]<\/p>\n","protected":false},"author":1,"featured_media":0,"comment_status":"open","ping_status":"open","sticky":false,"template":"","format":"standard","meta":{"footnotes":""},"categories":[17,18],"tags":[],"class_list":["post-7910","post","type-post","status-publish","format-standard","hentry","category-articulos","category-tic"],"_links":{"self":[{"href":"http:\/\/aula21.net\/aulablog21\/wp-json\/wp\/v2\/posts\/7910","targetHints":{"allow":["GET"]}}],"collection":[{"href":"http:\/\/aula21.net\/aulablog21\/wp-json\/wp\/v2\/posts"}],"about":[{"href":"http:\/\/aula21.net\/aulablog21\/wp-json\/wp\/v2\/types\/post"}],"author":[{"embeddable":true,"href":"http:\/\/aula21.net\/aulablog21\/wp-json\/wp\/v2\/users\/1"}],"replies":[{"embeddable":true,"href":"http:\/\/aula21.net\/aulablog21\/wp-json\/wp\/v2\/comments?post=7910"}],"version-history":[{"count":0,"href":"http:\/\/aula21.net\/aulablog21\/wp-json\/wp\/v2\/posts\/7910\/revisions"}],"wp:attachment":[{"href":"http:\/\/aula21.net\/aulablog21\/wp-json\/wp\/v2\/media?parent=7910"}],"wp:term":[{"taxonomy":"category","embeddable":true,"href":"http:\/\/aula21.net\/aulablog21\/wp-json\/wp\/v2\/categories?post=7910"},{"taxonomy":"post_tag","embeddable":true,"href":"http:\/\/aula21.net\/aulablog21\/wp-json\/wp\/v2\/tags?post=7910"}],"curies":[{"name":"wp","href":"https:\/\/api.w.org\/{rel}","templated":true}]}}