{"id":7953,"date":"2015-01-13T13:51:21","date_gmt":"2015-01-13T12:51:21","guid":{"rendered":"http:\/\/aula21.net\/aulablog21\/?p=7953"},"modified":"2015-01-21T20:18:29","modified_gmt":"2015-01-21T19:18:29","slug":"nuevos-proyectos-colaborativos-para-un-nuevo-ano","status":"publish","type":"post","link":"http:\/\/aula21.net\/aulablog21\/archives\/2015\/01\/13\/nuevos-proyectos-colaborativos-para-un-nuevo-ano\/","title":{"rendered":"Nuevos proyectos colaborativos para un nuevo a\u00f1o"},"content":{"rendered":"<p style=\"text-align: justify;\">Tres nuevos, interesantes y prometedores proyectos colaborativos que comienzan en el 2015 y que est\u00e1n abiertos a todos aquellos docentes que quieran participar con su alumnado:<\/p>\n<ul style=\"list-style-type: undefined;\">\n<ul style=\"list-style-type: undefined;\">\n<li style=\"text-align: justify;\"><a href=\"https:\/\/sites.google.com\/site\/elquijote2015\/\" target=\"_blank\"><strong>QUIJOTE NEWS 2015. Buenas nuevas del QUIJOTE<\/strong><\/a>, <em>este proyecto promueve la actualizaci\u00f3n de la obra cervantina a trav\u00e9s de los g\u00e9neros period\u00edsticos y de las herramientas de creaci\u00f3n digital y de difusi\u00f3n en las redes. La lectura del Quijote abrir\u00e1 paso a la elaboraci\u00f3n de un peri\u00f3dico que re\u00fana en sus p\u00e1ginas diversos fragmentos, an\u00e9cdotas, pasajes o aventuras quijotescas narradas en forma de noticia, cr\u00f3nica, entrevista, art\u00edculo de opini\u00f3n, etc. Todo ello ser\u00e1 recogido en <a href=\"https:\/\/sites.google.com\/site\/elquijote2015\/\" target=\"_blank\">un sitio web<\/a> y difundido desde diversas redes educativas. En \u00e9l podr\u00e9is hallar la gu\u00eda did\u00e1ctica y los recursos, tutoriales y herramientas sugeridas para el proyecto.<\/em><br \/>\n<a href=\"https:\/\/sites.google.com\/site\/elquijote2015\/\"><img loading=\"lazy\" decoding=\"async\" class=\"aligncenter wp-image-7964 \" style=\"border-width: 1px;\" src=\"http:\/\/aula21.net\/aulablog21\/wp-content\/uploads\/2015\/01\/Captura-de-pantalla-2015-01-21-a-las-20.21.42-300x59.png\" alt=\"Captura de pantalla 2015-01-21 a la(s) 20.21.42\" width=\"478\" height=\"94\" srcset=\"http:\/\/aula21.net\/aulablog21\/wp-content\/uploads\/2015\/01\/Captura-de-pantalla-2015-01-21-a-las-20.21.42-300x59.png 300w, http:\/\/aula21.net\/aulablog21\/wp-content\/uploads\/2015\/01\/Captura-de-pantalla-2015-01-21-a-las-20.21.42-768x152.png 768w, http:\/\/aula21.net\/aulablog21\/wp-content\/uploads\/2015\/01\/Captura-de-pantalla-2015-01-21-a-las-20.21.42.png 788w\" sizes=\"auto, (max-width: 478px) 100vw, 478px\" \/><\/a><\/li>\n<li><strong>II Parte del Quijote\u00a0 con las TIC\u00bb.<\/strong> <em>En 1615 se public\u00f3 la Segunda parte del Ingenioso Caballero Don Quijote de la Mancha, desde el Proyecto Colaborativo<a href=\"http:\/\/logiva1.wix.com\/librosigloxxi\/\"> Libros \u00a0del Siglo XXI, \u00a0<\/a>queremos conmemorar\u00a0 el \u00a0400 Aniversario de la edici\u00f3n de la II parte del Quijote, con un nuevo proyecto colaborativo \u00ab<a href=\"http:\/\/lourdesgiraldo.net\/libroLengua2\/\">II Parte del Quijote\u00a0 con las TIC\u00bb<\/a>\u00a0 en la misma l\u00ednea que los proyectos colaborativos anteriores (<a href=\"https:\/\/sites.google.com\/site\/pclibrovirtual\/\">Lorca,<\/a><a href=\"http:\/\/logiva1.wix.com\/pcilv-gloriafuertes-\">Gloria<\/a>\u00a0 y<a href=\"http:\/\/logiva1.wix.com\/platero-y-yo\"> Platero<\/a>),\u00a0 utilizando Ourscrabook, Software Libre en la red \u00a0donde alumnado, profesorado y familias puedan publicar sin necesidad de registrarse.\u00a0\u00a0<\/em><a href=\"http:\/\/quijote2015.blogspot.com.es\/p\/el-proyecto.html\" target=\"_blank\"><img loading=\"lazy\" decoding=\"async\" class=\"aligncenter\" src=\"http:\/\/4.bp.blogspot.com\/-WXuMgr-3OIY\/VKr2EUiINMI\/AAAAAAAAycA\/oRIXngAewSA\/s1600\/logobiselqr.png\" alt=\"\" width=\"445\" height=\"259\" \/><\/a><\/li>\n<li style=\"text-align: justify;\"><strong>Van Gog 2015.<\/strong> <em>En 2015 se celebra el 125 aniversario de la muerte de uno de los pintores m\u00e1s conocidos y representativos \u00a0a nivel mundial, Vincent Van Gogh. Por este motivo se ha creado el presente \u00a0proyecto, para conmemorar la obra de este pintor, uno de los m\u00e1s grandes de la historia del arte. Pero el proyecto no pretende quedarse dentro de un aula o colegio, sino que \u00a0quiere extenderse a todos los colegios o aulas que quieran participar, ya sea a nivel nacional como internacional.<\/em>\n<div style=\"text-align: justify;\"><em> Para participar solamente tienes que inscribirte rellenando el formulario adjunto y te daremos permisos para publicar en el blog todas las actividades que realices con tu alumnado y as\u00ed, compartirlas con todos los participantes y comunidad educativa.<\/em><a href=\"http:\/\/vangogh2015.blogspot.com.es\/p\/blog-page.html\" target=\"_blank\"><img loading=\"lazy\" decoding=\"async\" class=\"aligncenter wp-image-7955\" src=\"http:\/\/aula21.net\/aulablog21\/wp-content\/uploads\/2015\/01\/Captura-de-pantalla-2015-01-13-a-las-13.50.50.png\" alt=\"Captura de pantalla 2015-01-13 a la(s) 13.50.50\" width=\"470\" height=\"227\" srcset=\"http:\/\/aula21.net\/aulablog21\/wp-content\/uploads\/2015\/01\/Captura-de-pantalla-2015-01-13-a-las-13.50.50.png 1202w, http:\/\/aula21.net\/aulablog21\/wp-content\/uploads\/2015\/01\/Captura-de-pantalla-2015-01-13-a-las-13.50.50-300x144.png 300w, http:\/\/aula21.net\/aulablog21\/wp-content\/uploads\/2015\/01\/Captura-de-pantalla-2015-01-13-a-las-13.50.50-1024x494.png 1024w\" sizes=\"auto, (max-width: 470px) 100vw, 470px\" \/><\/a><\/div>\n<\/li>\n<\/ul>\n<\/ul>\n<p><!--adsense--><\/p>\n<p>&nbsp;<\/p>\n","protected":false},"excerpt":{"rendered":"<p>Tres nuevos, interesantes y prometedores proyectos colaborativos que comienzan en el 2015 y que est\u00e1n abiertos a todos aquellos docentes que quieran participar con su alumnado: QUIJOTE NEWS 2015. Buenas nuevas del QUIJOTE, este proyecto promueve la actualizaci\u00f3n de la obra cervantina a trav\u00e9s de los g\u00e9neros period\u00edsticos y de las herramientas de creaci\u00f3n digital [&hellip;]<\/p>\n","protected":false},"author":1,"featured_media":0,"comment_status":"open","ping_status":"open","sticky":false,"template":"","format":"standard","meta":{"footnotes":""},"categories":[42,28,2],"tags":[],"class_list":["post-7953","post","type-post","status-publish","format-standard","hentry","category-buenas-practicas","category-web20","category-weblogs_en_el_aula"],"_links":{"self":[{"href":"http:\/\/aula21.net\/aulablog21\/wp-json\/wp\/v2\/posts\/7953","targetHints":{"allow":["GET"]}}],"collection":[{"href":"http:\/\/aula21.net\/aulablog21\/wp-json\/wp\/v2\/posts"}],"about":[{"href":"http:\/\/aula21.net\/aulablog21\/wp-json\/wp\/v2\/types\/post"}],"author":[{"embeddable":true,"href":"http:\/\/aula21.net\/aulablog21\/wp-json\/wp\/v2\/users\/1"}],"replies":[{"embeddable":true,"href":"http:\/\/aula21.net\/aulablog21\/wp-json\/wp\/v2\/comments?post=7953"}],"version-history":[{"count":0,"href":"http:\/\/aula21.net\/aulablog21\/wp-json\/wp\/v2\/posts\/7953\/revisions"}],"wp:attachment":[{"href":"http:\/\/aula21.net\/aulablog21\/wp-json\/wp\/v2\/media?parent=7953"}],"wp:term":[{"taxonomy":"category","embeddable":true,"href":"http:\/\/aula21.net\/aulablog21\/wp-json\/wp\/v2\/categories?post=7953"},{"taxonomy":"post_tag","embeddable":true,"href":"http:\/\/aula21.net\/aulablog21\/wp-json\/wp\/v2\/tags?post=7953"}],"curies":[{"name":"wp","href":"https:\/\/api.w.org\/{rel}","templated":true}]}}